{"id":3964,"date":"2021-03-19T09:00:10","date_gmt":"2021-03-19T08:00:10","guid":{"rendered":"https:\/\/www.firstaudit.de\/blog\/?p=3964"},"modified":"2026-03-24T11:55:45","modified_gmt":"2026-03-24T10:55:45","slug":"produktvalidierung-und-verifizierung","status":"publish","type":"post","link":"https:\/\/www.firstaudit.de\/blog\/allgemein\/produktvalidierung-und-verifizierung\/","title":{"rendered":"Digitales Management f\u00fcr die Produktvalidierung- und Verifizierung"},"content":{"rendered":"<p><div class=\"fusion-fullwidth fullwidth-box fusion-builder-row-1 hundred-percent-fullwidth non-hundred-percent-height-scrolling\" style=\"--awb-border-radius-top-left:0px;--awb-border-radius-top-right:0px;--awb-border-radius-bottom-right:0px;--awb-border-radius-bottom-left:0px;--awb-padding-right:0px;--awb-padding-left:0px;--awb-flex-wrap:wrap;\" ><div class=\"fusion-builder-row fusion-row\"><div class=\"fusion-layout-column fusion_builder_column fusion-builder-column-0 fusion_builder_column_1_1 1_1 fusion-one-full fusion-column-first fusion-column-last\" style=\"--awb-bg-blend:overlay;--awb-bg-size:cover;\"><div class=\"fusion-column-wrapper fusion-flex-column-wrapper-legacy\"><div class=\"fusion-image-element in-legacy-container\" style=\"--awb-caption-title-font-family:var(--h2_typography-font-family);--awb-caption-title-font-weight:var(--h2_typography-font-weight);--awb-caption-title-font-style:var(--h2_typography-font-style);--awb-caption-title-size:var(--h2_typography-font-size);--awb-caption-title-transform:var(--h2_typography-text-transform);--awb-caption-title-line-height:var(--h2_typography-line-height);--awb-caption-title-letter-spacing:var(--h2_typography-letter-spacing);\"><span class=\" fusion-imageframe imageframe-none imageframe-1 hover-type-none\"><img decoding=\"async\" width=\"300\" height=\"83\" alt=\"Frau steht mit Daumen nach oben an Fr\u00e4smaschine w\u00e4hrend einer Produktvalidierung - und Verifizierung\" title=\"Produktvalidierung &#8211; und Verifizierung\" src=\"https:\/\/www.firstaudit.de\/blog\/wp-content\/uploads\/2021\/03\/Digitales-Management-fu\u0308r-die-Validierung-sowie-Verifizierung-hd-300x83.jpg\" class=\"img-responsive wp-image-4252\" srcset=\"https:\/\/www.firstaudit.de\/blog\/wp-content\/uploads\/2021\/03\/Digitales-Management-fu\u0308r-die-Validierung-sowie-Verifizierung-hd-200x55.jpg 200w, https:\/\/www.firstaudit.de\/blog\/wp-content\/uploads\/2021\/03\/Digitales-Management-fu\u0308r-die-Validierung-sowie-Verifizierung-hd-400x110.jpg 400w, https:\/\/www.firstaudit.de\/blog\/wp-content\/uploads\/2021\/03\/Digitales-Management-fu\u0308r-die-Validierung-sowie-Verifizierung-hd-600x165.jpg 600w, https:\/\/www.firstaudit.de\/blog\/wp-content\/uploads\/2021\/03\/Digitales-Management-fu\u0308r-die-Validierung-sowie-Verifizierung-hd-800x220.jpg 800w, https:\/\/www.firstaudit.de\/blog\/wp-content\/uploads\/2021\/03\/Digitales-Management-fu\u0308r-die-Validierung-sowie-Verifizierung-hd-1200x330.jpg 1200w\" sizes=\"(max-width: 800px) 100vw, 300px\" \/><\/span><\/div><div class=\"fusion-clearfix\"><\/div><\/div><\/div><\/div><\/div><div class=\"fusion-fullwidth fullwidth-box fusion-builder-row-2 nonhundred-percent-fullwidth non-hundred-percent-height-scrolling\" style=\"--awb-border-radius-top-left:0px;--awb-border-radius-top-right:0px;--awb-border-radius-bottom-right:0px;--awb-border-radius-bottom-left:0px;--awb-flex-wrap:wrap;\" ><div class=\"fusion-builder-row fusion-row\"><div class=\"fusion-layout-column fusion_builder_column fusion-builder-column-1 fusion_builder_column_1_1 1_1 fusion-one-full fusion-column-first fusion-column-last\" style=\"--awb-bg-blend:overlay;--awb-bg-size:cover;\"><div class=\"fusion-column-wrapper fusion-flex-column-wrapper-legacy\"><div class=\"fusion-title title fusion-title-1 fusion-sep-none fusion-title-text fusion-title-size-one\" style=\"--awb-margin-top:5%;--awb-margin-bottom:3%;--awb-margin-top-small:0px;--awb-margin-right-small:0px;--awb-margin-bottom-small:20px;--awb-margin-left-small:0px;\"><h1 class=\"fusion-title-heading title-heading-left fusion-responsive-typography-calculated\" style=\"margin:0;--fontSize:40;line-height:1.13;\">Produktvalidierung- und Verifizierung in der Qualit\u00e4tssicherung<\/h1><\/div><div class=\"fusion-text fusion-text-1\"><p><span data-doc-id=\"1553309000000049003\" data-doc-type=\"writer\">I<\/span><span data-doc-id=\"1553309000000050003\" data-doc-type=\"writer\">m Rahmen der Qualit\u00e4tssicherung muss ein <\/span>Hersteller den Nachweis \u00fcber die Funktionalit\u00e4t seines Produkts erbringen. Das hei\u00dft, alle dem Produkt zugewiesenen Eigenschaften erf\u00fcllen. Sind keine Daten von Konkurrenzprodukten verf\u00fcgbar, m\u00fcssen solche f\u00fcr das zu messende, zu pr\u00fcfende und zu bestimmende Objekt gesammelt und validiert werden. Bei der Produktvaliiderung- und Verifizierung geht es um die genaue Bestimmung aller Eigenschaften des Produktes: Dabei entsteht ein Referenzwert auf Basis von Fragen zur Praktikabilit\u00e4t des Verfahrens und zur exakten Definition aller Eigenschaften des Produktes und deren Bewertung.<\/p>\n<\/div><div class=\"fusion-title title fusion-title-2 fusion-title-text fusion-title-size-two\" style=\"--awb-margin-top:20px;--awb-margin-bottom:5px;--awb-margin-top-small:0px;--awb-margin-right-small:0px;--awb-margin-bottom-small:20px;--awb-margin-left-small:0px;--awb-font-size:25px;\"><h2 class=\"fusion-title-heading title-heading-left fusion-responsive-typography-calculated\" style=\"margin:0;font-size:1em;--fontSize:25;line-height:var(--awb-typography2-line-height);\"><\/h2><span class=\"awb-title-spacer\"><\/span><div class=\"title-sep-container\"><div class=\"title-sep sep- sep-solid\" style=\"border-color:#eaeaea;\"><\/div><\/div><\/div><div class=\"fusion-text fusion-text-2\"><p><span data-offset-key=\"6rapq-2-0\">Bei einer Verifizierung werden also alle Parameter rund um die Entwicklung des untersuchten Produkts gepr\u00fcft und mit den im betrieblichen Pflichtenkatalog niedergelegten, f\u00fcr das Produkt definierten Anforderungen abgeglichen. Ob das Produkt alle vom Kunden geforderten Nutzungsziele erf\u00fcllt, bringt indes das Ergebnis des Validierungs-Pr\u00fcfprozesses. Funktioniert das Objekt? Wie stellt es sich haptisch dar? Wie robust ist es? Sind alle Anforderungen an den Einsatzzweck erf\u00fcllt? Diese und weitere Fragen stellen sich im Rahmen des Qualit\u00e4tsmanagements. Ein ganzer Katalog von Pr\u00fcfpunkten, der auf einfache, intuitive Weise per digitaler Checkliste durchgef\u00fchrt werden kann. Der <a href=\"https:\/\/www.firstaudit.de\/blog\/allgemein\/empb-erstmusterpruefbericht-zur-qualitaetssicherung\/\">Erstmuster-Pr\u00fcfbericht <\/a>stellt in diesem Zusammenhang einen entscheidenden Schritt dar, um sicherzustellen, dass das erste Produktmuster allen festgelegten Qualit\u00e4tsstandards entspricht.<\/span><\/p>\n<\/div><div class=\"fusion-title title fusion-title-3 fusion-title-text fusion-title-size-two\" style=\"--awb-margin-top:20px;--awb-margin-bottom:5px;--awb-margin-top-small:0px;--awb-margin-right-small:0px;--awb-margin-bottom-small:20px;--awb-margin-left-small:0px;--awb-font-size:25px;\"><h2 class=\"fusion-title-heading title-heading-left fusion-responsive-typography-calculated\" style=\"margin:0;font-size:1em;--fontSize:25;line-height:var(--awb-typography2-line-height);\">Durch Verifizierung zum Qualit\u00e4tsprodukt<\/h2><span class=\"awb-title-spacer\"><\/span><div class=\"title-sep-container\"><div class=\"title-sep sep- sep-solid\" style=\"border-color:#eaeaea;\"><\/div><\/div><\/div><div class=\"fusion-text fusion-text-3\"><p class=\"zw-paragraph\" data-margin-bottom=\"0pt\" data-doc-id=\"1553309000000050003\" data-doc-type=\"writer\"><span style=\"background-color: rgba(255, 255, 255, 0); color: var(--body_typography-color); font-family: var(--body_typography-font-family); font-size: var(--body_typography-font-size); font-style: var(--body_typography-font-style,normal); font-weight: var(--body_typography-font-weight); letter-spacing: var(--body_typography-letter-spacing);\">Durch eine Bewertung aller relevanten Pr\u00fcfparameter w\u00e4hrend einer Produktvalidierung- und Verifizierung werden somit z.B. kostspielige R\u00fcckrufszenarien im Falle unerwarteter, von Kundenseite aufgedeckter Produktm\u00e4ngel verhindert: Und damit nicht zuletzt auch die Kosten f\u00fcr m\u00f6gliche Ersatz- und Garantieanspr\u00fcche so gering wie m\u00f6glich gehalten. Somit ist das wichtigste betriebliche Ziel sichergestellt: der Vertrieb eines konkurrenz- und wettbewerbsf\u00e4higen Qualit\u00e4tsproduktes, das alle Pr\u00fcfungen der Qualit\u00e4tssicherung durchlaufen hat und damit zu einem wertvollen Faktor f\u00fcr die Implementierung respektive f\u00fcr den Erhalt eines positiven Images des Unternehmens wird. <\/span><a href=\"https:\/\/www.firstaudit.de\/blog\/allgemein\/qualitaet-4-0\/\">Digitale Qualit\u00e4tssicherung<\/a> und eine Software f\u00fcr Qualit\u00e4tssicherung erm\u00f6glichen Ihnen, alle Pr\u00fcfparameter effizient zu \u00fcberpr\u00fcfen und Ihre Produktqualit\u00e4t exakt zu validieren. Optimieren Sie Ihre Prozesse und minimieren Sie Risiken \u2013 mit der richtigen L\u00f6sung f\u00fcr Ihre Qualit\u00e4tssicherung.<\/p>\n<p class=\"zw-paragraph\" data-margin-bottom=\"0pt\" data-doc-id=\"1553309000000050003\" data-doc-type=\"writer\">Mit der richtigen <a href=\"https:\/\/www.firstaudit.de\/software-fuer-qualitaetssicherung-1\/\">Software f\u00fcr Qualit\u00e4tssicherung<\/a> lassen sich Pr\u00fcfprozesse automatisieren und die Qualit\u00e4tssicherung in jedem Schritt nachvollziehbar und pr\u00e4zise durchf\u00fchren.<\/p>\n<\/div><div class=\"fusion-clearfix\"><\/div><\/div><\/div><\/div><\/div><div class=\"fusion-fullwidth fullwidth-box fusion-builder-row-3 nonhundred-percent-fullwidth non-hundred-percent-height-scrolling sources\" style=\"--awb-border-radius-top-left:0px;--awb-border-radius-top-right:0px;--awb-border-radius-bottom-right:0px;--awb-border-radius-bottom-left:0px;--awb-flex-wrap:wrap;\" ><div class=\"fusion-builder-row fusion-row\"><div class=\"fusion-layout-column fusion_builder_column fusion-builder-column-2 fusion_builder_column_1_1 1_1 fusion-one-full fusion-column-first fusion-column-last\" style=\"--awb-bg-blend:overlay;--awb-bg-size:cover;\"><div class=\"fusion-column-wrapper fusion-column-has-shadow fusion-flex-column-wrapper-legacy\">Bild: Adobe Stock \u2013 Copyright-Hinweis: \u00a9ehrenberg-bilder \u2013 stock.adobe.com\n<br>\n<div class=\"fusion-clearfix\"><\/div><\/div><\/div><\/div><\/div><\/p>\n","protected":false},"excerpt":{"rendered":"","protected":false},"author":10,"featured_media":4253,"comment_status":"closed","ping_status":"open","sticky":false,"template":"","format":"standard","meta":{"footnotes":""},"categories":[1],"tags":[328,117,240,99,340,341,342,88,338,339],"class_list":["post-3964","post","type-post","status-publish","format-standard","has-post-thumbnail","hentry","category-allgemein","tag-checklistenmanagement","tag-digitale-transformation","tag-din","tag-firstaudit","tag-iso","tag-normen","tag-qualitaetsmanagementsystem","tag-qualitaetssicherung","tag-validierung","tag-verifizierung"],"yoast_head":"<!-- This site is optimized with the Yoast SEO plugin v27.5 - https:\/\/yoast.com\/product\/yoast-seo-wordpress\/ -->\n<title>Produktvalidierung- und Verifizierung: Digitales Management<\/title>\n<meta name=\"description\" content=\"Erfahren Sie, wie Produktvalidierung- und Verifizierung im Rahmen der Qualit\u00e4tssicherung die Funktionalit\u00e4t Ihres Produkts nachweisen.\" \/>\n<meta name=\"robots\" content=\"index, follow, max-snippet:-1, max-image-preview:large, max-video-preview:-1\" \/>\n<link rel=\"canonical\" href=\"https:\/\/www.firstaudit.de\/blog\/allgemein\/produktvalidierung-und-verifizierung\/\" \/>\n<meta property=\"og:locale\" content=\"de_DE\" \/>\n<meta property=\"og:type\" content=\"article\" \/>\n<meta property=\"og:title\" content=\"Produktvalidierung- und Verifizierung: Digitales Management\" \/>\n<meta property=\"og:description\" content=\"Erfahren Sie, wie Produktvalidierung- und Verifizierung im Rahmen der Qualit\u00e4tssicherung die Funktionalit\u00e4t Ihres Produkts nachweisen.\" \/>\n<meta property=\"og:url\" content=\"https:\/\/www.firstaudit.de\/blog\/allgemein\/produktvalidierung-und-verifizierung\/\" \/>\n<meta property=\"og:site_name\" content=\"Digitalisierung\" \/>\n<meta property=\"article:publisher\" content=\"https:\/\/www.facebook.com\/firstauditchecklist\/\" \/>\n<meta property=\"article:published_time\" content=\"2021-03-19T08:00:10+00:00\" \/>\n<meta property=\"article:modified_time\" content=\"2026-03-24T10:55:45+00:00\" \/>\n<meta property=\"og:image\" content=\"https:\/\/www.firstaudit.de\/blog\/wp-content\/uploads\/2021\/03\/Digitales-Management-fu\u0308r-die-Validierung-sowie-Verifizierung-ov.jpg\" \/>\n\t<meta property=\"og:image:width\" content=\"320\" \/>\n\t<meta property=\"og:image:height\" content=\"202\" \/>\n\t<meta property=\"og:image:type\" content=\"image\/jpeg\" \/>\n<meta name=\"author\" content=\"Arne Reis\" \/>\n<meta name=\"twitter:card\" content=\"summary_large_image\" \/>\n<meta name=\"twitter:label1\" content=\"Verfasst von\" \/>\n\t<meta name=\"twitter:data1\" content=\"Arne Reis\" \/>\n\t<meta name=\"twitter:label2\" content=\"Gesch\u00e4tzte Lesezeit\" \/>\n\t<meta name=\"twitter:data2\" content=\"3\u00a0Minuten\" \/>\n<script type=\"application\/ld+json\" class=\"yoast-schema-graph\">{\"@context\":\"https:\\\/\\\/schema.org\",\"@graph\":[{\"@type\":\"Article\",\"@id\":\"https:\\\/\\\/www.firstaudit.de\\\/blog\\\/allgemein\\\/produktvalidierung-und-verifizierung\\\/#article\",\"isPartOf\":{\"@id\":\"https:\\\/\\\/www.firstaudit.de\\\/blog\\\/allgemein\\\/produktvalidierung-und-verifizierung\\\/\"},\"author\":{\"name\":\"Arne Reis\",\"@id\":\"https:\\\/\\\/www.firstaudit.de\\\/blog\\\/#\\\/schema\\\/person\\\/4db408c6a09cb495bd94cd9091399b82\"},\"headline\":\"Digitales Management f\u00fcr die Produktvalidierung- und Verifizierung\",\"datePublished\":\"2021-03-19T08:00:10+00:00\",\"dateModified\":\"2026-03-24T10:55:45+00:00\",\"mainEntityOfPage\":{\"@id\":\"https:\\\/\\\/www.firstaudit.de\\\/blog\\\/allgemein\\\/produktvalidierung-und-verifizierung\\\/\"},\"wordCount\":1585,\"publisher\":{\"@id\":\"https:\\\/\\\/www.firstaudit.de\\\/blog\\\/#organization\"},\"image\":{\"@id\":\"https:\\\/\\\/www.firstaudit.de\\\/blog\\\/allgemein\\\/produktvalidierung-und-verifizierung\\\/#primaryimage\"},\"thumbnailUrl\":\"https:\\\/\\\/www.firstaudit.de\\\/blog\\\/wp-content\\\/uploads\\\/2021\\\/03\\\/Digitales-Management-fu\u0308r-die-Validierung-sowie-Verifizierung-ov.jpg\",\"keywords\":[\"Checklistenmanagement\",\"Digitale Transformation\",\"DIN\",\"firstaudit\",\"ISO\",\"Normen\",\"Qualit\u00e4tsmanagementsystem\",\"Qualit\u00e4tssicherung\",\"Validierung\",\"Verifizierung\"],\"inLanguage\":\"de\"},{\"@type\":\"WebPage\",\"@id\":\"https:\\\/\\\/www.firstaudit.de\\\/blog\\\/allgemein\\\/produktvalidierung-und-verifizierung\\\/\",\"url\":\"https:\\\/\\\/www.firstaudit.de\\\/blog\\\/allgemein\\\/produktvalidierung-und-verifizierung\\\/\",\"name\":\"Produktvalidierung- und Verifizierung: Digitales Management\",\"isPartOf\":{\"@id\":\"https:\\\/\\\/www.firstaudit.de\\\/blog\\\/#website\"},\"primaryImageOfPage\":{\"@id\":\"https:\\\/\\\/www.firstaudit.de\\\/blog\\\/allgemein\\\/produktvalidierung-und-verifizierung\\\/#primaryimage\"},\"image\":{\"@id\":\"https:\\\/\\\/www.firstaudit.de\\\/blog\\\/allgemein\\\/produktvalidierung-und-verifizierung\\\/#primaryimage\"},\"thumbnailUrl\":\"https:\\\/\\\/www.firstaudit.de\\\/blog\\\/wp-content\\\/uploads\\\/2021\\\/03\\\/Digitales-Management-fu\u0308r-die-Validierung-sowie-Verifizierung-ov.jpg\",\"datePublished\":\"2021-03-19T08:00:10+00:00\",\"dateModified\":\"2026-03-24T10:55:45+00:00\",\"description\":\"Erfahren Sie, wie Produktvalidierung- und Verifizierung im Rahmen der Qualit\u00e4tssicherung die Funktionalit\u00e4t Ihres Produkts nachweisen.\",\"inLanguage\":\"de\",\"potentialAction\":[{\"@type\":\"ReadAction\",\"target\":[\"https:\\\/\\\/www.firstaudit.de\\\/blog\\\/allgemein\\\/produktvalidierung-und-verifizierung\\\/\"]}]},{\"@type\":\"ImageObject\",\"inLanguage\":\"de\",\"@id\":\"https:\\\/\\\/www.firstaudit.de\\\/blog\\\/allgemein\\\/produktvalidierung-und-verifizierung\\\/#primaryimage\",\"url\":\"https:\\\/\\\/www.firstaudit.de\\\/blog\\\/wp-content\\\/uploads\\\/2021\\\/03\\\/Digitales-Management-fu\u0308r-die-Validierung-sowie-Verifizierung-ov.jpg\",\"contentUrl\":\"https:\\\/\\\/www.firstaudit.de\\\/blog\\\/wp-content\\\/uploads\\\/2021\\\/03\\\/Digitales-Management-fu\u0308r-die-Validierung-sowie-Verifizierung-ov.jpg\",\"width\":320,\"height\":202,\"caption\":\"Frau steht mit Daumen nach oben an Fr\u00e4smaschine\"},{\"@type\":\"WebSite\",\"@id\":\"https:\\\/\\\/www.firstaudit.de\\\/blog\\\/#website\",\"url\":\"https:\\\/\\\/www.firstaudit.de\\\/blog\\\/\",\"name\":\"firstaudit - digitale Checklisten & Protokolle\",\"description\":\"Blog f\u00fcr digitale Transformation\",\"publisher\":{\"@id\":\"https:\\\/\\\/www.firstaudit.de\\\/blog\\\/#organization\"},\"potentialAction\":[{\"@type\":\"SearchAction\",\"target\":{\"@type\":\"EntryPoint\",\"urlTemplate\":\"https:\\\/\\\/www.firstaudit.de\\\/blog\\\/?s={search_term_string}\"},\"query-input\":{\"@type\":\"PropertyValueSpecification\",\"valueRequired\":true,\"valueName\":\"search_term_string\"}}],\"inLanguage\":\"de\"},{\"@type\":\"Organization\",\"@id\":\"https:\\\/\\\/www.firstaudit.de\\\/blog\\\/#organization\",\"name\":\"firstaudit - Digitale Checklisten und Dokumentationen\",\"url\":\"https:\\\/\\\/www.firstaudit.de\\\/blog\\\/\",\"logo\":{\"@type\":\"ImageObject\",\"inLanguage\":\"de\",\"@id\":\"https:\\\/\\\/www.firstaudit.de\\\/blog\\\/#\\\/schema\\\/logo\\\/image\\\/\",\"url\":\"https:\\\/\\\/www.firstaudit.de\\\/blog\\\/wp-content\\\/uploads\\\/2019\\\/04\\\/firstaudit_favicon_144x144.png\",\"contentUrl\":\"https:\\\/\\\/www.firstaudit.de\\\/blog\\\/wp-content\\\/uploads\\\/2019\\\/04\\\/firstaudit_favicon_144x144.png\",\"width\":144,\"height\":144,\"caption\":\"firstaudit - Digitale Checklisten und Dokumentationen\"},\"image\":{\"@id\":\"https:\\\/\\\/www.firstaudit.de\\\/blog\\\/#\\\/schema\\\/logo\\\/image\\\/\"},\"sameAs\":[\"https:\\\/\\\/www.facebook.com\\\/firstauditchecklist\\\/\"]},{\"@type\":\"Person\",\"@id\":\"https:\\\/\\\/www.firstaudit.de\\\/blog\\\/#\\\/schema\\\/person\\\/4db408c6a09cb495bd94cd9091399b82\",\"name\":\"Arne Reis\",\"image\":{\"@type\":\"ImageObject\",\"inLanguage\":\"de\",\"@id\":\"https:\\\/\\\/secure.gravatar.com\\\/avatar\\\/c4bef4065a8d3a8c90ef072fc15384f76adfd3db7c8a1dda60c10ae1941a2585?s=96&d=mm&r=g\",\"url\":\"https:\\\/\\\/secure.gravatar.com\\\/avatar\\\/c4bef4065a8d3a8c90ef072fc15384f76adfd3db7c8a1dda60c10ae1941a2585?s=96&d=mm&r=g\",\"contentUrl\":\"https:\\\/\\\/secure.gravatar.com\\\/avatar\\\/c4bef4065a8d3a8c90ef072fc15384f76adfd3db7c8a1dda60c10ae1941a2585?s=96&d=mm&r=g\",\"caption\":\"Arne Reis\"},\"description\":\"Arne Reis ist Gr\u00fcnder von firstaudit und flowdit sowie Gesch\u00e4ftsf\u00fchrer der reinstil GmbH &amp; Co. KG in Mainz. Mit \u00fcber 15 Jahren Erfahrung in der individuellen Softwareentwicklung f\u00fcr Industrieunternehmen kennt er die Digitalisierungsherausforderungen produzierender Betriebe aus erster Hand. Kunden wie ADAC, SPRELA, NTT und f\u00fchrende Pharmakonzerne vertrauen auf seine L\u00f6sungen.\",\"sameAs\":[\"https:\\\/\\\/www.digitalagentur-mainz.de\",\"https:\\\/\\\/www.linkedin.com\\\/in\\\/arnereis\\\/\"],\"url\":\"https:\\\/\\\/www.firstaudit.de\\\/blog\\\/author\\\/reinstil-admin\\\/\"}]}<\/script>\n<!-- \/ Yoast SEO plugin. -->","yoast_head_json":{"title":"Produktvalidierung- und Verifizierung: Digitales Management","description":"Erfahren Sie, wie Produktvalidierung- und Verifizierung im Rahmen der Qualit\u00e4tssicherung die Funktionalit\u00e4t Ihres Produkts nachweisen.","robots":{"index":"index","follow":"follow","max-snippet":"max-snippet:-1","max-image-preview":"max-image-preview:large","max-video-preview":"max-video-preview:-1"},"canonical":"https:\/\/www.firstaudit.de\/blog\/allgemein\/produktvalidierung-und-verifizierung\/","og_locale":"de_DE","og_type":"article","og_title":"Produktvalidierung- und Verifizierung: Digitales Management","og_description":"Erfahren Sie, wie Produktvalidierung- und Verifizierung im Rahmen der Qualit\u00e4tssicherung die Funktionalit\u00e4t Ihres Produkts nachweisen.","og_url":"https:\/\/www.firstaudit.de\/blog\/allgemein\/produktvalidierung-und-verifizierung\/","og_site_name":"Digitalisierung","article_publisher":"https:\/\/www.facebook.com\/firstauditchecklist\/","article_published_time":"2021-03-19T08:00:10+00:00","article_modified_time":"2026-03-24T10:55:45+00:00","og_image":[{"width":320,"height":202,"url":"https:\/\/www.firstaudit.de\/blog\/wp-content\/uploads\/2021\/03\/Digitales-Management-fu\u0308r-die-Validierung-sowie-Verifizierung-ov.jpg","type":"image\/jpeg"}],"author":"Arne Reis","twitter_card":"summary_large_image","twitter_misc":{"Verfasst von":"Arne Reis","Gesch\u00e4tzte Lesezeit":"3\u00a0Minuten"},"schema":{"@context":"https:\/\/schema.org","@graph":[{"@type":"Article","@id":"https:\/\/www.firstaudit.de\/blog\/allgemein\/produktvalidierung-und-verifizierung\/#article","isPartOf":{"@id":"https:\/\/www.firstaudit.de\/blog\/allgemein\/produktvalidierung-und-verifizierung\/"},"author":{"name":"Arne Reis","@id":"https:\/\/www.firstaudit.de\/blog\/#\/schema\/person\/4db408c6a09cb495bd94cd9091399b82"},"headline":"Digitales Management f\u00fcr die Produktvalidierung- und Verifizierung","datePublished":"2021-03-19T08:00:10+00:00","dateModified":"2026-03-24T10:55:45+00:00","mainEntityOfPage":{"@id":"https:\/\/www.firstaudit.de\/blog\/allgemein\/produktvalidierung-und-verifizierung\/"},"wordCount":1585,"publisher":{"@id":"https:\/\/www.firstaudit.de\/blog\/#organization"},"image":{"@id":"https:\/\/www.firstaudit.de\/blog\/allgemein\/produktvalidierung-und-verifizierung\/#primaryimage"},"thumbnailUrl":"https:\/\/www.firstaudit.de\/blog\/wp-content\/uploads\/2021\/03\/Digitales-Management-fu\u0308r-die-Validierung-sowie-Verifizierung-ov.jpg","keywords":["Checklistenmanagement","Digitale Transformation","DIN","firstaudit","ISO","Normen","Qualit\u00e4tsmanagementsystem","Qualit\u00e4tssicherung","Validierung","Verifizierung"],"inLanguage":"de"},{"@type":"WebPage","@id":"https:\/\/www.firstaudit.de\/blog\/allgemein\/produktvalidierung-und-verifizierung\/","url":"https:\/\/www.firstaudit.de\/blog\/allgemein\/produktvalidierung-und-verifizierung\/","name":"Produktvalidierung- und Verifizierung: Digitales Management","isPartOf":{"@id":"https:\/\/www.firstaudit.de\/blog\/#website"},"primaryImageOfPage":{"@id":"https:\/\/www.firstaudit.de\/blog\/allgemein\/produktvalidierung-und-verifizierung\/#primaryimage"},"image":{"@id":"https:\/\/www.firstaudit.de\/blog\/allgemein\/produktvalidierung-und-verifizierung\/#primaryimage"},"thumbnailUrl":"https:\/\/www.firstaudit.de\/blog\/wp-content\/uploads\/2021\/03\/Digitales-Management-fu\u0308r-die-Validierung-sowie-Verifizierung-ov.jpg","datePublished":"2021-03-19T08:00:10+00:00","dateModified":"2026-03-24T10:55:45+00:00","description":"Erfahren Sie, wie Produktvalidierung- und Verifizierung im Rahmen der Qualit\u00e4tssicherung die Funktionalit\u00e4t Ihres Produkts nachweisen.","inLanguage":"de","potentialAction":[{"@type":"ReadAction","target":["https:\/\/www.firstaudit.de\/blog\/allgemein\/produktvalidierung-und-verifizierung\/"]}]},{"@type":"ImageObject","inLanguage":"de","@id":"https:\/\/www.firstaudit.de\/blog\/allgemein\/produktvalidierung-und-verifizierung\/#primaryimage","url":"https:\/\/www.firstaudit.de\/blog\/wp-content\/uploads\/2021\/03\/Digitales-Management-fu\u0308r-die-Validierung-sowie-Verifizierung-ov.jpg","contentUrl":"https:\/\/www.firstaudit.de\/blog\/wp-content\/uploads\/2021\/03\/Digitales-Management-fu\u0308r-die-Validierung-sowie-Verifizierung-ov.jpg","width":320,"height":202,"caption":"Frau steht mit Daumen nach oben an Fr\u00e4smaschine"},{"@type":"WebSite","@id":"https:\/\/www.firstaudit.de\/blog\/#website","url":"https:\/\/www.firstaudit.de\/blog\/","name":"firstaudit - digitale Checklisten & Protokolle","description":"Blog f\u00fcr digitale Transformation","publisher":{"@id":"https:\/\/www.firstaudit.de\/blog\/#organization"},"potentialAction":[{"@type":"SearchAction","target":{"@type":"EntryPoint","urlTemplate":"https:\/\/www.firstaudit.de\/blog\/?s={search_term_string}"},"query-input":{"@type":"PropertyValueSpecification","valueRequired":true,"valueName":"search_term_string"}}],"inLanguage":"de"},{"@type":"Organization","@id":"https:\/\/www.firstaudit.de\/blog\/#organization","name":"firstaudit - Digitale Checklisten und Dokumentationen","url":"https:\/\/www.firstaudit.de\/blog\/","logo":{"@type":"ImageObject","inLanguage":"de","@id":"https:\/\/www.firstaudit.de\/blog\/#\/schema\/logo\/image\/","url":"https:\/\/www.firstaudit.de\/blog\/wp-content\/uploads\/2019\/04\/firstaudit_favicon_144x144.png","contentUrl":"https:\/\/www.firstaudit.de\/blog\/wp-content\/uploads\/2019\/04\/firstaudit_favicon_144x144.png","width":144,"height":144,"caption":"firstaudit - Digitale Checklisten und Dokumentationen"},"image":{"@id":"https:\/\/www.firstaudit.de\/blog\/#\/schema\/logo\/image\/"},"sameAs":["https:\/\/www.facebook.com\/firstauditchecklist\/"]},{"@type":"Person","@id":"https:\/\/www.firstaudit.de\/blog\/#\/schema\/person\/4db408c6a09cb495bd94cd9091399b82","name":"Arne Reis","image":{"@type":"ImageObject","inLanguage":"de","@id":"https:\/\/secure.gravatar.com\/avatar\/c4bef4065a8d3a8c90ef072fc15384f76adfd3db7c8a1dda60c10ae1941a2585?s=96&d=mm&r=g","url":"https:\/\/secure.gravatar.com\/avatar\/c4bef4065a8d3a8c90ef072fc15384f76adfd3db7c8a1dda60c10ae1941a2585?s=96&d=mm&r=g","contentUrl":"https:\/\/secure.gravatar.com\/avatar\/c4bef4065a8d3a8c90ef072fc15384f76adfd3db7c8a1dda60c10ae1941a2585?s=96&d=mm&r=g","caption":"Arne Reis"},"description":"Arne Reis ist Gr\u00fcnder von firstaudit und flowdit sowie Gesch\u00e4ftsf\u00fchrer der reinstil GmbH &amp; Co. KG in Mainz. Mit \u00fcber 15 Jahren Erfahrung in der individuellen Softwareentwicklung f\u00fcr Industrieunternehmen kennt er die Digitalisierungsherausforderungen produzierender Betriebe aus erster Hand. Kunden wie ADAC, SPRELA, NTT und f\u00fchrende Pharmakonzerne vertrauen auf seine L\u00f6sungen.","sameAs":["https:\/\/www.digitalagentur-mainz.de","https:\/\/www.linkedin.com\/in\/arnereis\/"],"url":"https:\/\/www.firstaudit.de\/blog\/author\/reinstil-admin\/"}]}},"_links":{"self":[{"href":"https:\/\/www.firstaudit.de\/blog\/wp-json\/wp\/v2\/posts\/3964","targetHints":{"allow":["GET"]}}],"collection":[{"href":"https:\/\/www.firstaudit.de\/blog\/wp-json\/wp\/v2\/posts"}],"about":[{"href":"https:\/\/www.firstaudit.de\/blog\/wp-json\/wp\/v2\/types\/post"}],"author":[{"embeddable":true,"href":"https:\/\/www.firstaudit.de\/blog\/wp-json\/wp\/v2\/users\/10"}],"replies":[{"embeddable":true,"href":"https:\/\/www.firstaudit.de\/blog\/wp-json\/wp\/v2\/comments?post=3964"}],"version-history":[{"count":25,"href":"https:\/\/www.firstaudit.de\/blog\/wp-json\/wp\/v2\/posts\/3964\/revisions"}],"predecessor-version":[{"id":20954,"href":"https:\/\/www.firstaudit.de\/blog\/wp-json\/wp\/v2\/posts\/3964\/revisions\/20954"}],"wp:featuredmedia":[{"embeddable":true,"href":"https:\/\/www.firstaudit.de\/blog\/wp-json\/wp\/v2\/media\/4253"}],"wp:attachment":[{"href":"https:\/\/www.firstaudit.de\/blog\/wp-json\/wp\/v2\/media?parent=3964"}],"wp:term":[{"taxonomy":"category","embeddable":true,"href":"https:\/\/www.firstaudit.de\/blog\/wp-json\/wp\/v2\/categories?post=3964"},{"taxonomy":"post_tag","embeddable":true,"href":"https:\/\/www.firstaudit.de\/blog\/wp-json\/wp\/v2\/tags?post=3964"}],"curies":[{"name":"wp","href":"https:\/\/api.w.org\/{rel}","templated":true}]}}