{"id":1578,"date":"2021-02-02T17:24:14","date_gmt":"2021-02-02T16:24:14","guid":{"rendered":"https:\/\/www.digitalagentur-mainz.de\/blog\/?p=1578"},"modified":"2026-03-03T08:57:23","modified_gmt":"2026-03-03T07:57:23","slug":"digitalisierung-waehrend-coronakrise","status":"publish","type":"post","link":"https:\/\/www.firstaudit.de\/blog\/allgemein\/digitalisierung-waehrend-coronakrise\/","title":{"rendered":"Digitalisierung w\u00e4hrend Coronakrise"},"content":{"rendered":"<p><div class=\"fusion-fullwidth fullwidth-box fusion-builder-row-1 hundred-percent-fullwidth non-hundred-percent-height-scrolling\" style=\"--awb-border-radius-top-left:0px;--awb-border-radius-top-right:0px;--awb-border-radius-bottom-right:0px;--awb-border-radius-bottom-left:0px;--awb-padding-right:0px;--awb-padding-left:0px;--awb-flex-wrap:wrap;\" ><div class=\"fusion-builder-row fusion-row\"><div class=\"fusion-layout-column fusion_builder_column fusion-builder-column-0 fusion_builder_column_1_1 1_1 fusion-one-full fusion-column-first fusion-column-last\" style=\"--awb-bg-size:cover;\"><div class=\"fusion-column-wrapper fusion-flex-column-wrapper-legacy\"><div class=\"fusion-image-element in-legacy-container\" style=\"--awb-caption-title-font-family:var(--h2_typography-font-family);--awb-caption-title-font-weight:var(--h2_typography-font-weight);--awb-caption-title-font-style:var(--h2_typography-font-style);--awb-caption-title-size:var(--h2_typography-font-size);--awb-caption-title-transform:var(--h2_typography-text-transform);--awb-caption-title-line-height:var(--h2_typography-line-height);--awb-caption-title-letter-spacing:var(--h2_typography-letter-spacing);\"><span class=\" fusion-imageframe imageframe-none imageframe-1 hover-type-none\"><img decoding=\"async\" width=\"2000\" height=\"500\" title=\"digitalisierung_coronakrise\" src=\"\/blog\/wp-content\/uploads\/2021\/02\/digitalisierung_coronakrise-1.jpg\" alt class=\"img-responsive wp-image-1580\" srcset=\"https:\/\/www.firstaudit.de\/blog\/wp-content\/uploads\/2021\/02\/digitalisierung_coronakrise-1-200x50.jpg 200w, https:\/\/www.firstaudit.de\/blog\/wp-content\/uploads\/2021\/02\/digitalisierung_coronakrise-1-400x100.jpg 400w, https:\/\/www.firstaudit.de\/blog\/wp-content\/uploads\/2021\/02\/digitalisierung_coronakrise-1-600x150.jpg 600w, https:\/\/www.firstaudit.de\/blog\/wp-content\/uploads\/2021\/02\/digitalisierung_coronakrise-1-800x200.jpg 800w, https:\/\/www.firstaudit.de\/blog\/wp-content\/uploads\/2021\/02\/digitalisierung_coronakrise-1-1200x300.jpg 1200w, https:\/\/www.firstaudit.de\/blog\/wp-content\/uploads\/2021\/02\/digitalisierung_coronakrise-1.jpg 2000w\" sizes=\"(max-width: 800px) 100vw, 2000px\" \/><\/span><\/div><div class=\"fusion-clearfix\"><\/div><\/div><\/div><\/div><\/div><div class=\"fusion-fullwidth fullwidth-box fusion-builder-row-2 nonhundred-percent-fullwidth non-hundred-percent-height-scrolling\" style=\"--awb-border-radius-top-left:0px;--awb-border-radius-top-right:0px;--awb-border-radius-bottom-right:0px;--awb-border-radius-bottom-left:0px;--awb-flex-wrap:wrap;\" ><div class=\"fusion-builder-row fusion-row\"><div class=\"fusion-layout-column fusion_builder_column fusion-builder-column-1 fusion_builder_column_1_1 1_1 fusion-one-full fusion-column-first fusion-column-last\" style=\"--awb-bg-size:cover;\"><div class=\"fusion-column-wrapper fusion-flex-column-wrapper-legacy\"><div class=\"fusion-title title fusion-title-1 fusion-sep-none fusion-title-text fusion-title-size-one\" style=\"--awb-margin-top:5%;--awb-margin-bottom:3%;--awb-margin-top-small:0px;--awb-margin-right-small:0px;--awb-margin-bottom-small:20px;--awb-margin-left-small:0px;\"><h1 class=\"fusion-title-heading title-heading-left fusion-responsive-typography-calculated\" style=\"margin:0;--fontSize:40;line-height:1.13;\">Digitalisierung w\u00e4hrend Coronakrise<\/h1><\/div><div class=\"fusion-text fusion-text-1\"><p>Ja, Digitalisierung w\u00e4hrend der Coronakrise liegt voll im Trend. Viele Gewissheiten sind im Zuge des ersten und erst recht des zweiten Lockdowns ins Wanken geraten. Vernetzes Arbeiten, Digitale Teams, Flexibilisierung von Arbeitszeiten sowie Arbeitsprozessen \u2013 die Liste lie\u00dfe sich quasi endlos verl\u00e4ngern<\/p>\n<p>Die Digitalisierung w\u00e4hrend der Coronakrise hat viele Gesichter. Klar, da stehen profane Hardware-Themen an. Und klar, damit die Hardware intelligent genutzt werden kann, bedarf es guter Software. Nicht zu vergessen: Die Prozesse. Was fr\u00fcher quer \u00fcber den Tisch gerufen wurde oder wo eine Projektmappe im Umlauf war, bedarf es jetzt andere Kommunikationsmittel.<\/p>\n<\/div><div class=\"fusion-title title fusion-title-2 fusion-title-text fusion-title-size-two\" style=\"--awb-text-color:#c10c1a;--awb-margin-top:20px;--awb-margin-bottom:5px;--awb-margin-top-small:0px;--awb-margin-right-small:0px;--awb-margin-bottom-small:20px;--awb-margin-left-small:0px;\"><h2 class=\"fusion-title-heading title-heading-left fusion-responsive-typography-calculated\" style=\"margin:0;--fontSize:24;line-height:var(--awb-typography2-line-height);\"><span style=\"color: #78cce6;\">Coronanomics: Digitalisierung w\u00e4hrend Coronakrise<\/span><\/h2><span class=\"awb-title-spacer\"><\/span><div class=\"title-sep-container\"><div class=\"title-sep sep- sep-solid\" style=\"border-color:#eaeaea;\"><\/div><\/div><\/div><div class=\"fusion-text fusion-text-2\"><p>Da gelangt die bisherige IT-Infrastruktur schnell an Grenzen. Da stellt sich die Frage: Mit dem vorhandenen Paket weitermachen und punktuell erg\u00e4nzen oder das Ganze direkt neu denken und CRM, ERP, Qualit\u00e4tskontrolle, vernetztes Arbeiten, IT-Sicherheit oder Internet of Things (IoT) neu\u00a0 ausrollen. Unsere Meinung: Wenn es die finanziellen M\u00f6glichkeiten sowie die Kapazit\u00e4ten zulassen, lieber neu definieren, anstatt Geld und Zeit in bereits genutzte, aber nicht vollends coronataugliche Systeme investieren. Das l\u00f6st viele kleine Probleme auf einen Schlag und macht den Weg frei f\u00fcr die kommenden Jahre.<\/p>\n<\/div><div class=\"fusion-title title fusion-title-3 fusion-title-text fusion-title-size-two\" style=\"--awb-text-color:#c10c1a;--awb-margin-top:20px;--awb-margin-bottom:5px;--awb-margin-top-small:0px;--awb-margin-right-small:0px;--awb-margin-bottom-small:20px;--awb-margin-left-small:0px;\"><h2 class=\"fusion-title-heading title-heading-left fusion-responsive-typography-calculated\" style=\"margin:0;--fontSize:24;line-height:var(--awb-typography2-line-height);\"><span style=\"color: #78cce6;\">Faktor Mensch<\/span><\/h2><span class=\"awb-title-spacer\"><\/span><div class=\"title-sep-container\"><div class=\"title-sep sep- sep-solid\" style=\"border-color:#eaeaea;\"><\/div><\/div><\/div><div class=\"fusion-text fusion-text-3\"><p>Abseits der Digitalisierungswelle sehen wir aber auch immer, wie wichtig es ist die Mitarbeiter mitzunehmen. Ja, Wandel ist nicht immer sch\u00f6n. Hergebrachtes und erprobtes Wissen wird unn\u00fctz. Aber ohne Ver\u00e4nderung und den Willen zur Ver\u00e4nderung geht es nicht. Die Neugierde auf das Neue zu wecken, ist daher einer der ma\u00dfgeblichen Herausforderungen \u2013 ein Etablieren von lebenslangen Lernen und Lernbereitschaft.<\/p>\n<p>Wohin man schaut, lesen wir, dass die Coronakrise die Digitalisierung voran treibt. Eine Mehrzahl der Unternehmen investiert vermehrt in digitale Ger\u00e4te, Technologien und Anwendungen. Da im Zuge der bislang (beiden) Lockdowns \u00fcber 80 Prozent der station\u00e4ren Verkaufsfl\u00e4che geschlossen ist, boomt der Online-Handel. Mitarbeiter arbeiten im Home Office. Die Welt \u00e4ndert sich und das in weiten Bereichen dauerhaft. Wir als reinstil GmbH m\u00f6chten Sie dabei unterst\u00fctzen ihre Digitalisierungsvorhaben richtig aufzusetzen. Dann schaffen auch Sie das Thema Digitalisierung w\u00e4hrend Coronakrise.<\/p>\n<\/div><div class=\"fusion-clearfix\"><\/div><\/div><\/div><\/div><\/div><div class=\"fusion-fullwidth fullwidth-box fusion-builder-row-3 nonhundred-percent-fullwidth non-hundred-percent-height-scrolling sources\" style=\"--awb-border-radius-top-left:0px;--awb-border-radius-top-right:0px;--awb-border-radius-bottom-right:0px;--awb-border-radius-bottom-left:0px;--awb-flex-wrap:wrap;\" ><div class=\"fusion-builder-row fusion-row\"><div class=\"fusion-layout-column fusion_builder_column fusion-builder-column-2 fusion_builder_column_1_1 1_1 fusion-one-full fusion-column-first fusion-column-last\" style=\"--awb-bg-size:cover;\"><div class=\"fusion-column-wrapper fusion-flex-column-wrapper-legacy\"><div class=\"fusion-text fusion-text-4\"><p>Bild: Adobe Stock \u2013 Copyright-Hinweis: \u00a9<strong>hkama<\/strong> &#8211; stock.adobe.com<\/p>\n<\/div><div class=\"fusion-clearfix\"><\/div><\/div><\/div><\/div><\/div><\/p>\n","protected":false},"excerpt":{"rendered":"","protected":false},"author":10,"featured_media":1580,"comment_status":"closed","ping_status":"open","sticky":false,"template":"","format":"standard","meta":{"footnotes":""},"categories":[1],"tags":[577,91,578,482,98,424,579],"class_list":["post-1578","post","type-post","status-publish","format-standard","has-post-thumbnail","hentry","category-allgemein","tag-coronakrise","tag-digitalisierung","tag-hardware","tag-iot","tag-prozesse","tag-software","tag-waehrend"],"yoast_head":"<!-- This site is optimized with the Yoast SEO plugin v27.5 - https:\/\/yoast.com\/product\/yoast-seo-wordpress\/ -->\n<title>Digitalisierung w\u00e4hrend Coronakrise - Digitalisierung<\/title>\n<meta name=\"description\" content=\"Ja, Digitalisierung w\u00e4hrend der Coronakrise liegt voll im Trend. Das Software-Haus reinstil lotst Sie sicher hindurch.\" \/>\n<meta name=\"robots\" content=\"index, follow, max-snippet:-1, max-image-preview:large, max-video-preview:-1\" \/>\n<link rel=\"canonical\" href=\"https:\/\/www.firstaudit.de\/blog\/allgemein\/digitalisierung-waehrend-coronakrise\/\" \/>\n<meta property=\"og:locale\" content=\"de_DE\" \/>\n<meta property=\"og:type\" content=\"article\" \/>\n<meta property=\"og:title\" content=\"Digitalisierung w\u00e4hrend Coronakrise - Digitalisierung\" \/>\n<meta property=\"og:description\" content=\"Ja, Digitalisierung w\u00e4hrend der Coronakrise liegt voll im Trend. Das Software-Haus reinstil lotst Sie sicher hindurch.\" \/>\n<meta property=\"og:url\" content=\"https:\/\/www.firstaudit.de\/blog\/allgemein\/digitalisierung-waehrend-coronakrise\/\" \/>\n<meta property=\"og:site_name\" content=\"Digitalisierung\" \/>\n<meta property=\"article:publisher\" content=\"https:\/\/www.facebook.com\/firstauditchecklist\/\" \/>\n<meta property=\"article:published_time\" content=\"2021-02-02T16:24:14+00:00\" \/>\n<meta property=\"article:modified_time\" content=\"2026-03-03T07:57:23+00:00\" \/>\n<meta property=\"og:image\" content=\"https:\/\/www.firstaudit.de\/blog\/wp-content\/uploads\/2021\/02\/digitalisierung_coronakrise-1.jpg\" \/>\n\t<meta property=\"og:image:width\" content=\"2000\" \/>\n\t<meta property=\"og:image:height\" content=\"500\" \/>\n\t<meta property=\"og:image:type\" content=\"image\/jpeg\" \/>\n<meta name=\"author\" content=\"Arne Reis\" \/>\n<meta name=\"twitter:card\" content=\"summary_large_image\" \/>\n<meta name=\"twitter:label1\" content=\"Verfasst von\" \/>\n\t<meta name=\"twitter:data1\" content=\"Arne Reis\" \/>\n\t<meta name=\"twitter:label2\" content=\"Gesch\u00e4tzte Lesezeit\" \/>\n\t<meta name=\"twitter:data2\" content=\"3\u00a0Minuten\" \/>\n<script type=\"application\/ld+json\" class=\"yoast-schema-graph\">{\"@context\":\"https:\\\/\\\/schema.org\",\"@graph\":[{\"@type\":\"Article\",\"@id\":\"https:\\\/\\\/www.firstaudit.de\\\/blog\\\/allgemein\\\/digitalisierung-waehrend-coronakrise\\\/#article\",\"isPartOf\":{\"@id\":\"https:\\\/\\\/www.firstaudit.de\\\/blog\\\/allgemein\\\/digitalisierung-waehrend-coronakrise\\\/\"},\"author\":{\"name\":\"Arne Reis\",\"@id\":\"https:\\\/\\\/www.firstaudit.de\\\/blog\\\/#\\\/schema\\\/person\\\/4db408c6a09cb495bd94cd9091399b82\"},\"headline\":\"Digitalisierung w\u00e4hrend Coronakrise\",\"datePublished\":\"2021-02-02T16:24:14+00:00\",\"dateModified\":\"2026-03-03T07:57:23+00:00\",\"mainEntityOfPage\":{\"@id\":\"https:\\\/\\\/www.firstaudit.de\\\/blog\\\/allgemein\\\/digitalisierung-waehrend-coronakrise\\\/\"},\"wordCount\":1547,\"publisher\":{\"@id\":\"https:\\\/\\\/www.firstaudit.de\\\/blog\\\/#organization\"},\"image\":{\"@id\":\"https:\\\/\\\/www.firstaudit.de\\\/blog\\\/allgemein\\\/digitalisierung-waehrend-coronakrise\\\/#primaryimage\"},\"thumbnailUrl\":\"https:\\\/\\\/www.firstaudit.de\\\/blog\\\/wp-content\\\/uploads\\\/2021\\\/02\\\/digitalisierung_coronakrise-1.jpg\",\"keywords\":[\"Coronakrise\",\"Digitalisierung\",\"Hardware\",\"IoT\",\"Prozesse\",\"Software\",\"w\u00e4hrend\"],\"inLanguage\":\"de\"},{\"@type\":\"WebPage\",\"@id\":\"https:\\\/\\\/www.firstaudit.de\\\/blog\\\/allgemein\\\/digitalisierung-waehrend-coronakrise\\\/\",\"url\":\"https:\\\/\\\/www.firstaudit.de\\\/blog\\\/allgemein\\\/digitalisierung-waehrend-coronakrise\\\/\",\"name\":\"Digitalisierung w\u00e4hrend Coronakrise - Digitalisierung\",\"isPartOf\":{\"@id\":\"https:\\\/\\\/www.firstaudit.de\\\/blog\\\/#website\"},\"primaryImageOfPage\":{\"@id\":\"https:\\\/\\\/www.firstaudit.de\\\/blog\\\/allgemein\\\/digitalisierung-waehrend-coronakrise\\\/#primaryimage\"},\"image\":{\"@id\":\"https:\\\/\\\/www.firstaudit.de\\\/blog\\\/allgemein\\\/digitalisierung-waehrend-coronakrise\\\/#primaryimage\"},\"thumbnailUrl\":\"https:\\\/\\\/www.firstaudit.de\\\/blog\\\/wp-content\\\/uploads\\\/2021\\\/02\\\/digitalisierung_coronakrise-1.jpg\",\"datePublished\":\"2021-02-02T16:24:14+00:00\",\"dateModified\":\"2026-03-03T07:57:23+00:00\",\"description\":\"Ja, Digitalisierung w\u00e4hrend der Coronakrise liegt voll im Trend. Das Software-Haus reinstil lotst Sie sicher hindurch.\",\"inLanguage\":\"de\",\"potentialAction\":[{\"@type\":\"ReadAction\",\"target\":[\"https:\\\/\\\/www.firstaudit.de\\\/blog\\\/allgemein\\\/digitalisierung-waehrend-coronakrise\\\/\"]}]},{\"@type\":\"ImageObject\",\"inLanguage\":\"de\",\"@id\":\"https:\\\/\\\/www.firstaudit.de\\\/blog\\\/allgemein\\\/digitalisierung-waehrend-coronakrise\\\/#primaryimage\",\"url\":\"https:\\\/\\\/www.firstaudit.de\\\/blog\\\/wp-content\\\/uploads\\\/2021\\\/02\\\/digitalisierung_coronakrise-1.jpg\",\"contentUrl\":\"https:\\\/\\\/www.firstaudit.de\\\/blog\\\/wp-content\\\/uploads\\\/2021\\\/02\\\/digitalisierung_coronakrise-1.jpg\",\"width\":2000,\"height\":500},{\"@type\":\"WebSite\",\"@id\":\"https:\\\/\\\/www.firstaudit.de\\\/blog\\\/#website\",\"url\":\"https:\\\/\\\/www.firstaudit.de\\\/blog\\\/\",\"name\":\"firstaudit - digitale Checklisten & Protokolle\",\"description\":\"Blog f\u00fcr digitale Transformation\",\"publisher\":{\"@id\":\"https:\\\/\\\/www.firstaudit.de\\\/blog\\\/#organization\"},\"potentialAction\":[{\"@type\":\"SearchAction\",\"target\":{\"@type\":\"EntryPoint\",\"urlTemplate\":\"https:\\\/\\\/www.firstaudit.de\\\/blog\\\/?s={search_term_string}\"},\"query-input\":{\"@type\":\"PropertyValueSpecification\",\"valueRequired\":true,\"valueName\":\"search_term_string\"}}],\"inLanguage\":\"de\"},{\"@type\":\"Organization\",\"@id\":\"https:\\\/\\\/www.firstaudit.de\\\/blog\\\/#organization\",\"name\":\"firstaudit - Digitale Checklisten und Dokumentationen\",\"url\":\"https:\\\/\\\/www.firstaudit.de\\\/blog\\\/\",\"logo\":{\"@type\":\"ImageObject\",\"inLanguage\":\"de\",\"@id\":\"https:\\\/\\\/www.firstaudit.de\\\/blog\\\/#\\\/schema\\\/logo\\\/image\\\/\",\"url\":\"https:\\\/\\\/www.firstaudit.de\\\/blog\\\/wp-content\\\/uploads\\\/2019\\\/04\\\/firstaudit_favicon_144x144.png\",\"contentUrl\":\"https:\\\/\\\/www.firstaudit.de\\\/blog\\\/wp-content\\\/uploads\\\/2019\\\/04\\\/firstaudit_favicon_144x144.png\",\"width\":144,\"height\":144,\"caption\":\"firstaudit - Digitale Checklisten und Dokumentationen\"},\"image\":{\"@id\":\"https:\\\/\\\/www.firstaudit.de\\\/blog\\\/#\\\/schema\\\/logo\\\/image\\\/\"},\"sameAs\":[\"https:\\\/\\\/www.facebook.com\\\/firstauditchecklist\\\/\"]},{\"@type\":\"Person\",\"@id\":\"https:\\\/\\\/www.firstaudit.de\\\/blog\\\/#\\\/schema\\\/person\\\/4db408c6a09cb495bd94cd9091399b82\",\"name\":\"Arne Reis\",\"image\":{\"@type\":\"ImageObject\",\"inLanguage\":\"de\",\"@id\":\"https:\\\/\\\/secure.gravatar.com\\\/avatar\\\/c4bef4065a8d3a8c90ef072fc15384f76adfd3db7c8a1dda60c10ae1941a2585?s=96&d=mm&r=g\",\"url\":\"https:\\\/\\\/secure.gravatar.com\\\/avatar\\\/c4bef4065a8d3a8c90ef072fc15384f76adfd3db7c8a1dda60c10ae1941a2585?s=96&d=mm&r=g\",\"contentUrl\":\"https:\\\/\\\/secure.gravatar.com\\\/avatar\\\/c4bef4065a8d3a8c90ef072fc15384f76adfd3db7c8a1dda60c10ae1941a2585?s=96&d=mm&r=g\",\"caption\":\"Arne Reis\"},\"description\":\"Arne Reis ist Gr\u00fcnder von firstaudit und flowdit sowie Gesch\u00e4ftsf\u00fchrer der reinstil GmbH &amp; Co. KG in Mainz. Mit \u00fcber 15 Jahren Erfahrung in der individuellen Softwareentwicklung f\u00fcr Industrieunternehmen kennt er die Digitalisierungsherausforderungen produzierender Betriebe aus erster Hand. Kunden wie ADAC, SPRELA, NTT und f\u00fchrende Pharmakonzerne vertrauen auf seine L\u00f6sungen.\",\"sameAs\":[\"https:\\\/\\\/www.digitalagentur-mainz.de\",\"https:\\\/\\\/www.linkedin.com\\\/in\\\/arnereis\\\/\"],\"url\":\"https:\\\/\\\/www.firstaudit.de\\\/blog\\\/author\\\/reinstil-admin\\\/\"}]}<\/script>\n<!-- \/ Yoast SEO plugin. -->","yoast_head_json":{"title":"Digitalisierung w\u00e4hrend Coronakrise - Digitalisierung","description":"Ja, Digitalisierung w\u00e4hrend der Coronakrise liegt voll im Trend. Das Software-Haus reinstil lotst Sie sicher hindurch.","robots":{"index":"index","follow":"follow","max-snippet":"max-snippet:-1","max-image-preview":"max-image-preview:large","max-video-preview":"max-video-preview:-1"},"canonical":"https:\/\/www.firstaudit.de\/blog\/allgemein\/digitalisierung-waehrend-coronakrise\/","og_locale":"de_DE","og_type":"article","og_title":"Digitalisierung w\u00e4hrend Coronakrise - Digitalisierung","og_description":"Ja, Digitalisierung w\u00e4hrend der Coronakrise liegt voll im Trend. Das Software-Haus reinstil lotst Sie sicher hindurch.","og_url":"https:\/\/www.firstaudit.de\/blog\/allgemein\/digitalisierung-waehrend-coronakrise\/","og_site_name":"Digitalisierung","article_publisher":"https:\/\/www.facebook.com\/firstauditchecklist\/","article_published_time":"2021-02-02T16:24:14+00:00","article_modified_time":"2026-03-03T07:57:23+00:00","og_image":[{"width":2000,"height":500,"url":"https:\/\/www.firstaudit.de\/blog\/wp-content\/uploads\/2021\/02\/digitalisierung_coronakrise-1.jpg","type":"image\/jpeg"}],"author":"Arne Reis","twitter_card":"summary_large_image","twitter_misc":{"Verfasst von":"Arne Reis","Gesch\u00e4tzte Lesezeit":"3\u00a0Minuten"},"schema":{"@context":"https:\/\/schema.org","@graph":[{"@type":"Article","@id":"https:\/\/www.firstaudit.de\/blog\/allgemein\/digitalisierung-waehrend-coronakrise\/#article","isPartOf":{"@id":"https:\/\/www.firstaudit.de\/blog\/allgemein\/digitalisierung-waehrend-coronakrise\/"},"author":{"name":"Arne Reis","@id":"https:\/\/www.firstaudit.de\/blog\/#\/schema\/person\/4db408c6a09cb495bd94cd9091399b82"},"headline":"Digitalisierung w\u00e4hrend Coronakrise","datePublished":"2021-02-02T16:24:14+00:00","dateModified":"2026-03-03T07:57:23+00:00","mainEntityOfPage":{"@id":"https:\/\/www.firstaudit.de\/blog\/allgemein\/digitalisierung-waehrend-coronakrise\/"},"wordCount":1547,"publisher":{"@id":"https:\/\/www.firstaudit.de\/blog\/#organization"},"image":{"@id":"https:\/\/www.firstaudit.de\/blog\/allgemein\/digitalisierung-waehrend-coronakrise\/#primaryimage"},"thumbnailUrl":"https:\/\/www.firstaudit.de\/blog\/wp-content\/uploads\/2021\/02\/digitalisierung_coronakrise-1.jpg","keywords":["Coronakrise","Digitalisierung","Hardware","IoT","Prozesse","Software","w\u00e4hrend"],"inLanguage":"de"},{"@type":"WebPage","@id":"https:\/\/www.firstaudit.de\/blog\/allgemein\/digitalisierung-waehrend-coronakrise\/","url":"https:\/\/www.firstaudit.de\/blog\/allgemein\/digitalisierung-waehrend-coronakrise\/","name":"Digitalisierung w\u00e4hrend Coronakrise - Digitalisierung","isPartOf":{"@id":"https:\/\/www.firstaudit.de\/blog\/#website"},"primaryImageOfPage":{"@id":"https:\/\/www.firstaudit.de\/blog\/allgemein\/digitalisierung-waehrend-coronakrise\/#primaryimage"},"image":{"@id":"https:\/\/www.firstaudit.de\/blog\/allgemein\/digitalisierung-waehrend-coronakrise\/#primaryimage"},"thumbnailUrl":"https:\/\/www.firstaudit.de\/blog\/wp-content\/uploads\/2021\/02\/digitalisierung_coronakrise-1.jpg","datePublished":"2021-02-02T16:24:14+00:00","dateModified":"2026-03-03T07:57:23+00:00","description":"Ja, Digitalisierung w\u00e4hrend der Coronakrise liegt voll im Trend. Das Software-Haus reinstil lotst Sie sicher hindurch.","inLanguage":"de","potentialAction":[{"@type":"ReadAction","target":["https:\/\/www.firstaudit.de\/blog\/allgemein\/digitalisierung-waehrend-coronakrise\/"]}]},{"@type":"ImageObject","inLanguage":"de","@id":"https:\/\/www.firstaudit.de\/blog\/allgemein\/digitalisierung-waehrend-coronakrise\/#primaryimage","url":"https:\/\/www.firstaudit.de\/blog\/wp-content\/uploads\/2021\/02\/digitalisierung_coronakrise-1.jpg","contentUrl":"https:\/\/www.firstaudit.de\/blog\/wp-content\/uploads\/2021\/02\/digitalisierung_coronakrise-1.jpg","width":2000,"height":500},{"@type":"WebSite","@id":"https:\/\/www.firstaudit.de\/blog\/#website","url":"https:\/\/www.firstaudit.de\/blog\/","name":"firstaudit - digitale Checklisten & Protokolle","description":"Blog f\u00fcr digitale Transformation","publisher":{"@id":"https:\/\/www.firstaudit.de\/blog\/#organization"},"potentialAction":[{"@type":"SearchAction","target":{"@type":"EntryPoint","urlTemplate":"https:\/\/www.firstaudit.de\/blog\/?s={search_term_string}"},"query-input":{"@type":"PropertyValueSpecification","valueRequired":true,"valueName":"search_term_string"}}],"inLanguage":"de"},{"@type":"Organization","@id":"https:\/\/www.firstaudit.de\/blog\/#organization","name":"firstaudit - Digitale Checklisten und Dokumentationen","url":"https:\/\/www.firstaudit.de\/blog\/","logo":{"@type":"ImageObject","inLanguage":"de","@id":"https:\/\/www.firstaudit.de\/blog\/#\/schema\/logo\/image\/","url":"https:\/\/www.firstaudit.de\/blog\/wp-content\/uploads\/2019\/04\/firstaudit_favicon_144x144.png","contentUrl":"https:\/\/www.firstaudit.de\/blog\/wp-content\/uploads\/2019\/04\/firstaudit_favicon_144x144.png","width":144,"height":144,"caption":"firstaudit - Digitale Checklisten und Dokumentationen"},"image":{"@id":"https:\/\/www.firstaudit.de\/blog\/#\/schema\/logo\/image\/"},"sameAs":["https:\/\/www.facebook.com\/firstauditchecklist\/"]},{"@type":"Person","@id":"https:\/\/www.firstaudit.de\/blog\/#\/schema\/person\/4db408c6a09cb495bd94cd9091399b82","name":"Arne Reis","image":{"@type":"ImageObject","inLanguage":"de","@id":"https:\/\/secure.gravatar.com\/avatar\/c4bef4065a8d3a8c90ef072fc15384f76adfd3db7c8a1dda60c10ae1941a2585?s=96&d=mm&r=g","url":"https:\/\/secure.gravatar.com\/avatar\/c4bef4065a8d3a8c90ef072fc15384f76adfd3db7c8a1dda60c10ae1941a2585?s=96&d=mm&r=g","contentUrl":"https:\/\/secure.gravatar.com\/avatar\/c4bef4065a8d3a8c90ef072fc15384f76adfd3db7c8a1dda60c10ae1941a2585?s=96&d=mm&r=g","caption":"Arne Reis"},"description":"Arne Reis ist Gr\u00fcnder von firstaudit und flowdit sowie Gesch\u00e4ftsf\u00fchrer der reinstil GmbH &amp; Co. KG in Mainz. Mit \u00fcber 15 Jahren Erfahrung in der individuellen Softwareentwicklung f\u00fcr Industrieunternehmen kennt er die Digitalisierungsherausforderungen produzierender Betriebe aus erster Hand. Kunden wie ADAC, SPRELA, NTT und f\u00fchrende Pharmakonzerne vertrauen auf seine L\u00f6sungen.","sameAs":["https:\/\/www.digitalagentur-mainz.de","https:\/\/www.linkedin.com\/in\/arnereis\/"],"url":"https:\/\/www.firstaudit.de\/blog\/author\/reinstil-admin\/"}]}},"_links":{"self":[{"href":"https:\/\/www.firstaudit.de\/blog\/wp-json\/wp\/v2\/posts\/1578","targetHints":{"allow":["GET"]}}],"collection":[{"href":"https:\/\/www.firstaudit.de\/blog\/wp-json\/wp\/v2\/posts"}],"about":[{"href":"https:\/\/www.firstaudit.de\/blog\/wp-json\/wp\/v2\/types\/post"}],"author":[{"embeddable":true,"href":"https:\/\/www.firstaudit.de\/blog\/wp-json\/wp\/v2\/users\/10"}],"replies":[{"embeddable":true,"href":"https:\/\/www.firstaudit.de\/blog\/wp-json\/wp\/v2\/comments?post=1578"}],"version-history":[{"count":1,"href":"https:\/\/www.firstaudit.de\/blog\/wp-json\/wp\/v2\/posts\/1578\/revisions"}],"predecessor-version":[{"id":20424,"href":"https:\/\/www.firstaudit.de\/blog\/wp-json\/wp\/v2\/posts\/1578\/revisions\/20424"}],"wp:featuredmedia":[{"embeddable":true,"href":"https:\/\/www.firstaudit.de\/blog\/wp-json\/wp\/v2\/media\/1580"}],"wp:attachment":[{"href":"https:\/\/www.firstaudit.de\/blog\/wp-json\/wp\/v2\/media?parent=1578"}],"wp:term":[{"taxonomy":"category","embeddable":true,"href":"https:\/\/www.firstaudit.de\/blog\/wp-json\/wp\/v2\/categories?post=1578"},{"taxonomy":"post_tag","embeddable":true,"href":"https:\/\/www.firstaudit.de\/blog\/wp-json\/wp\/v2\/tags?post=1578"}],"curies":[{"name":"wp","href":"https:\/\/api.w.org\/{rel}","templated":true}]}}