{"id":1424,"date":"2019-10-01T12:34:42","date_gmt":"2019-10-01T10:34:42","guid":{"rendered":"https:\/\/www.digitalagentur-mainz.de\/blog\/?p=1424"},"modified":"2026-03-24T13:34:11","modified_gmt":"2026-03-24T12:34:11","slug":"corporate-identity","status":"publish","type":"post","link":"https:\/\/www.firstaudit.de\/blog\/marketing\/corporate-identity\/","title":{"rendered":"Warum die Corporate Identity so wichtig ist"},"content":{"rendered":"<p><div class=\"fusion-fullwidth fullwidth-box fusion-builder-row-1 hundred-percent-fullwidth non-hundred-percent-height-scrolling\" style=\"--awb-border-radius-top-left:0px;--awb-border-radius-top-right:0px;--awb-border-radius-bottom-right:0px;--awb-border-radius-bottom-left:0px;--awb-padding-right:0px;--awb-padding-left:0px;--awb-flex-wrap:wrap;\" ><div class=\"fusion-builder-row fusion-row\"><div class=\"fusion-layout-column fusion_builder_column fusion-builder-column-0 fusion_builder_column_1_1 1_1 fusion-one-full fusion-column-first fusion-column-last\" style=\"--awb-bg-blend:overlay;--awb-bg-size:cover;\"><div class=\"fusion-column-wrapper fusion-flex-column-wrapper-legacy\"><div class=\"fusion-image-element in-legacy-container\" style=\"--awb-caption-title-font-family:var(--h2_typography-font-family);--awb-caption-title-font-weight:var(--h2_typography-font-weight);--awb-caption-title-font-style:var(--h2_typography-font-style);--awb-caption-title-size:var(--h2_typography-font-size);--awb-caption-title-transform:var(--h2_typography-text-transform);--awb-caption-title-line-height:var(--h2_typography-line-height);--awb-caption-title-letter-spacing:var(--h2_typography-letter-spacing);\"><span class=\" fusion-imageframe imageframe-none imageframe-1 hover-type-none\"><img decoding=\"async\" width=\"2000\" height=\"550\" alt=\"Warum die Corporate Identity so wichtig ist\" title=\"Digitalagentur_Corporate_Identity\" src=\"\/blog\/wp-content\/uploads\/2019\/10\/rs_Corporate_Identity.jpg\" class=\"img-responsive wp-image-1425\" srcset=\"https:\/\/www.firstaudit.de\/blog\/wp-content\/uploads\/2019\/10\/rs_Corporate_Identity-200x55.jpg 200w, https:\/\/www.firstaudit.de\/blog\/wp-content\/uploads\/2019\/10\/rs_Corporate_Identity-400x110.jpg 400w, https:\/\/www.firstaudit.de\/blog\/wp-content\/uploads\/2019\/10\/rs_Corporate_Identity-600x165.jpg 600w, https:\/\/www.firstaudit.de\/blog\/wp-content\/uploads\/2019\/10\/rs_Corporate_Identity-800x220.jpg 800w, https:\/\/www.firstaudit.de\/blog\/wp-content\/uploads\/2019\/10\/rs_Corporate_Identity-1200x330.jpg 1200w, https:\/\/www.firstaudit.de\/blog\/wp-content\/uploads\/2019\/10\/rs_Corporate_Identity.jpg 2000w\" sizes=\"(max-width: 800px) 100vw, 2000px\" \/><\/span><\/div><div class=\"fusion-clearfix\"><\/div><\/div><\/div><\/div><\/div><div class=\"fusion-fullwidth fullwidth-box fusion-builder-row-2 nonhundred-percent-fullwidth non-hundred-percent-height-scrolling\" style=\"--awb-border-radius-top-left:0px;--awb-border-radius-top-right:0px;--awb-border-radius-bottom-right:0px;--awb-border-radius-bottom-left:0px;--awb-flex-wrap:wrap;\" ><div class=\"fusion-builder-row fusion-row\"><div class=\"fusion-layout-column fusion_builder_column fusion-builder-column-1 fusion_builder_column_1_1 1_1 fusion-one-full fusion-column-first fusion-column-last\" style=\"--awb-bg-blend:overlay;--awb-bg-size:cover;\"><div class=\"fusion-column-wrapper fusion-flex-column-wrapper-legacy\"><div class=\"fusion-title title fusion-title-1 fusion-sep-none fusion-title-text fusion-title-size-one\" style=\"--awb-margin-top:5%;--awb-margin-bottom:3%;--awb-margin-top-small:0px;--awb-margin-right-small:0px;--awb-margin-bottom-small:20px;--awb-margin-left-small:0px;\"><h1 class=\"fusion-title-heading title-heading-left fusion-responsive-typography-calculated\" style=\"margin:0;--fontSize:40;line-height:1.13;\">Warum die Corporate Identity so wichtig ist<\/h1><\/div><div class=\"fusion-text fusion-text-1\"><p>Wie k\u00f6nnen Unternehmen in der heutigen mediengepr\u00e4gten Welt ihre Bekanntheit steigern? Mit Corporate Identity! Was sie genau bedeutet und welche Rolle sie f\u00fcr Marketing sowie PR spielt, erfahren Sie im Blogbeitrag.<\/p>\n<\/div><div class=\"fusion-title title fusion-title-2 fusion-title-text fusion-title-size-two\" style=\"--awb-text-color:#c10c1a;--awb-margin-top:20px;--awb-margin-bottom:5px;--awb-margin-top-small:0px;--awb-margin-right-small:0px;--awb-margin-bottom-small:20px;--awb-margin-left-small:0px;\"><h2 class=\"fusion-title-heading title-heading-left fusion-responsive-typography-calculated\" style=\"margin:0;--fontSize:24;line-height:var(--awb-typography2-line-height);\">Was genau versteht man unter dem Begriff?<\/h2><span class=\"awb-title-spacer\"><\/span><div class=\"title-sep-container\"><div class=\"title-sep sep- sep-solid\" style=\"border-color:#eaeaea;\"><\/div><\/div><\/div><div class=\"fusion-text fusion-text-2\"><p>Die Corporate Identity (kurz: CI) ist ein Teil der Strategischen Unternehmensf\u00fchrung und dar\u00fcber hinaus ein Kommunikationskonzept. Das Ziel besteht darin, eine unverwechselbare Pers\u00f6nlichkeit zu schaffen. Damit sollen sich Unternehmen einerseits vom Wettbewerb klar abgrenzen. Andererseits sollen sie das Vertrauen der Konsumenten f\u00fcr ihre Produkte sowie Leistungen ausbauen. Folglich ist die Corporate Identity ein Konzept, das mehrere Aktivit\u00e4ten und Instrumente umfasst. Auch im <a href=\"https:\/\/www.firstaudit.de\/blog\/allgemein\/b2b-marketing-und-vertrieb\/\">B2B-Marketing <\/a>ist die CI von gro\u00dfer Bedeutung, um eine Markenidentit\u00e4t zu vermitteln.<\/p>\n<\/div><div class=\"fusion-title title fusion-title-3 fusion-title-text fusion-title-size-two\" style=\"--awb-text-color:#c10c1a;--awb-margin-top:20px;--awb-margin-bottom:5px;--awb-margin-top-small:0px;--awb-margin-right-small:0px;--awb-margin-bottom-small:20px;--awb-margin-left-small:0px;\"><h2 class=\"fusion-title-heading title-heading-left fusion-responsive-typography-calculated\" style=\"margin:0;--fontSize:24;line-height:var(--awb-typography2-line-height);\">Aus welchen Teilen setzt sich die Corporate Identity zusammen?<\/h2><span class=\"awb-title-spacer\"><\/span><div class=\"title-sep-container\"><div class=\"title-sep sep- sep-solid\" style=\"border-color:#eaeaea;\"><\/div><\/div><\/div><div class=\"fusion-text fusion-text-3\"><p>Der Identity-Mix besteht aus verschiedenen Komponenten Sie tragen zusammen zu einem einheitlichen Erscheinungsbild eines Unternehmens bei. Die Teile m\u00fcssen in sich stimmig und miteinander vernetzt sein. In der Realit\u00e4t kommt die Corporate Identity in zahlreichen Bereichen zum Vorschein, denn sie wird nach au\u00dfen und innen gelebt: zum Beispiel am Messestand, im Recruiting oder im Kundenkontakt.<\/p>\n<\/div><div class=\"fusion-title title fusion-title-4 fusion-title-text fusion-title-size-two\" style=\"--awb-text-color:#c10c1a;--awb-margin-top:20px;--awb-margin-bottom:5px;--awb-margin-top-small:0px;--awb-margin-right-small:0px;--awb-margin-bottom-small:20px;--awb-margin-left-small:0px;\"><h2 class=\"fusion-title-heading title-heading-left fusion-responsive-typography-calculated\" style=\"margin:0;--fontSize:24;line-height:var(--awb-typography2-line-height);\">Corporate Design<\/h2><span class=\"awb-title-spacer\"><\/span><div class=\"title-sep-container\"><div class=\"title-sep sep- sep-solid\" style=\"border-color:#eaeaea;\"><\/div><\/div><\/div><div class=\"fusion-text fusion-text-4\"><p>Der wohl bekannteste und nach au\u00dfen sichtbarste Bestandteil ist Corporate Design. Es beschreibt das visuelle Erscheinungsbild des Unternehmens, das ganzheitlich kommuniziert wird: vom Logo, \u00fcber Visitenkarten, Unternehmenswebsite bis hin zur Einrichtung der B\u00fcros.<\/p>\n<\/div><div class=\"fusion-title title fusion-title-5 fusion-title-text fusion-title-size-two\" style=\"--awb-text-color:#c10c1a;--awb-margin-top:20px;--awb-margin-bottom:5px;--awb-margin-top-small:0px;--awb-margin-right-small:0px;--awb-margin-bottom-small:20px;--awb-margin-left-small:0px;\"><h2 class=\"fusion-title-heading title-heading-left fusion-responsive-typography-calculated\" style=\"margin:0;--fontSize:24;line-height:var(--awb-typography2-line-height);\">Corporate Communication<\/h2><span class=\"awb-title-spacer\"><\/span><div class=\"title-sep-container\"><div class=\"title-sep sep- sep-solid\" style=\"border-color:#eaeaea;\"><\/div><\/div><\/div><div class=\"fusion-text fusion-text-5\"><p>Eine weiterer Teil ist die Corporate Communication. Darunter fallen alle Instrumente der Unternehmenskommunikation: Angefangen von der \u00d6ffentlichkeitsarbeit \u00fcber Interne Kommunikation bis hin zum Social-Media-Marketing. Insgesamt hat Corporate Communication den Auftrag, die Werte des Unternehmens nach innen und au\u00dfen zu vermitteln.<\/p>\n<\/div><div class=\"fusion-title title fusion-title-6 fusion-title-text fusion-title-size-two\" style=\"--awb-text-color:#c10c1a;--awb-margin-top:20px;--awb-margin-bottom:5px;--awb-margin-top-small:0px;--awb-margin-right-small:0px;--awb-margin-bottom-small:20px;--awb-margin-left-small:0px;\"><h2 class=\"fusion-title-heading title-heading-left fusion-responsive-typography-calculated\" style=\"margin:0;--fontSize:24;line-height:var(--awb-typography2-line-height);\">Corporate Behavior<\/h2><span class=\"awb-title-spacer\"><\/span><div class=\"title-sep-container\"><div class=\"title-sep sep- sep-solid\" style=\"border-color:#eaeaea;\"><\/div><\/div><\/div><div class=\"fusion-text fusion-text-6\"><p>Als n\u00e4chstes kommt die Corporate Behavior, in dem das Verhalten aller Mitglieder eines Unternehmens vereinbart sind. Dazu geh\u00f6ren einerseits die Preispolitik und der F\u00fchrungsstil. Konkret zeigt sich die Corporate Behavior beispielsweise im <a href=\"https:\/\/www.digitalagentur-mainz.de\/blog\/allgemein\/positive-fehlerkultur-vom-richtigen-umgang-mit-fehlern\/\" target=\"_blank\" rel=\"noopener noreferrer\">Umgang mit Fehlern<\/a>. Andererseits geht es darum, wie Mitarbeiter mit Stakeholdern wie Kunden, Lieferanten und Journalisten umgeht.<\/p>\n<\/div><div class=\"fusion-title title fusion-title-7 fusion-title-text fusion-title-size-two\" style=\"--awb-text-color:#c10c1a;--awb-margin-top:20px;--awb-margin-bottom:5px;--awb-margin-top-small:0px;--awb-margin-right-small:0px;--awb-margin-bottom-small:20px;--awb-margin-left-small:0px;\"><h2 class=\"fusion-title-heading title-heading-left fusion-responsive-typography-calculated\" style=\"margin:0;--fontSize:24;line-height:var(--awb-typography2-line-height);\">Corporate Culture<\/h2><span class=\"awb-title-spacer\"><\/span><div class=\"title-sep-container\"><div class=\"title-sep sep- sep-solid\" style=\"border-color:#eaeaea;\"><\/div><\/div><\/div><div class=\"fusion-text fusion-text-7\"><p>Der vierte Bestandteil ist die Unternehmenskultur, Corporate Culture. Sie bildet den Charakter und Stils des Unternehmens, den die Mitarbeiter aller Hierarchieebenen intern leben. Folglich bezieht sich Corporate Culture auf Verhaltensweisen Kommunikation im Team.<\/p>\n<\/div><div class=\"fusion-title title fusion-title-8 fusion-title-text fusion-title-size-two\" style=\"--awb-text-color:#c10c1a;--awb-margin-top:20px;--awb-margin-bottom:5px;--awb-margin-top-small:0px;--awb-margin-right-small:0px;--awb-margin-bottom-small:20px;--awb-margin-left-small:0px;\"><h2 class=\"fusion-title-heading title-heading-left fusion-responsive-typography-calculated\" style=\"margin:0;--fontSize:24;line-height:var(--awb-typography2-line-height);\">Aktuelle Rahmenbedingungen<\/h2><span class=\"awb-title-spacer\"><\/span><div class=\"title-sep-container\"><div class=\"title-sep sep- sep-solid\" style=\"border-color:#eaeaea;\"><\/div><\/div><\/div><div class=\"fusion-text fusion-text-8\"><p>Durch die zahlreichen analogen und digitalen Kan\u00e4le ist der heutige Konsument einer Reiz\u00fcberflutung ausgesetzt. Hinzu kommt, dass es eine gro\u00dfe Auswahl an \u00e4hnlichen Produkten gibt. Daraus ergibt sich ein st\u00e4rkerer Wettbewerb. Deshalb steht oft nicht mehr der Produktnutzen selbst im Fokus, sondern das Unternehmen mit ihren Werten. Beispielsweise ist der Umgang mit der Umwelt aus Sicht der Shopper l\u00e4ngst zu einem Faktor f\u00fcr die Kaufentscheidung geworden.<\/p>\n<\/div><div class=\"fusion-title title fusion-title-9 fusion-title-text fusion-title-size-two\" style=\"--awb-text-color:#c10c1a;--awb-margin-top:20px;--awb-margin-bottom:5px;--awb-margin-top-small:0px;--awb-margin-right-small:0px;--awb-margin-bottom-small:20px;--awb-margin-left-small:0px;\"><h2 class=\"fusion-title-heading title-heading-left fusion-responsive-typography-calculated\" style=\"margin:0;--fontSize:24;line-height:var(--awb-typography2-line-height);\">Vielf\u00e4ltige Ziele<\/h2><span class=\"awb-title-spacer\"><\/span><div class=\"title-sep-container\"><div class=\"title-sep sep- sep-solid\" style=\"border-color:#eaeaea;\"><\/div><\/div><\/div><div class=\"fusion-text fusion-text-9\"><p>Die Corporate Identity bietet Unternehmen eine Chance, aus der Masse hervorzustechen und sich vom Wettbewerb abzugrenzen. Denn sie schafft ein konsistentes Erscheinungsbild. Au\u00dferdem kann sie das Vertrauen der Konsumenten st\u00e4rken. Dar\u00fcber hinaus tr\u00e4gt sie dazu bei, dass sich Mitarbeiter mit ihrem Unternehmen identifizieren k\u00f6nnen.<\/p>\n<\/div><div class=\"fusion-clearfix\"><\/div><\/div><\/div><\/div><\/div><div class=\"fusion-fullwidth fullwidth-box fusion-builder-row-3 nonhundred-percent-fullwidth non-hundred-percent-height-scrolling sources\" style=\"--awb-border-radius-top-left:0px;--awb-border-radius-top-right:0px;--awb-border-radius-bottom-right:0px;--awb-border-radius-bottom-left:0px;--awb-flex-wrap:wrap;\" ><div class=\"fusion-builder-row fusion-row\"><div class=\"fusion-layout-column fusion_builder_column fusion-builder-column-2 fusion_builder_column_1_1 1_1 fusion-one-full fusion-column-first fusion-column-last\" style=\"--awb-bg-blend:overlay;--awb-bg-size:cover;\"><div class=\"fusion-column-wrapper fusion-flex-column-wrapper-legacy\"><div class=\"fusion-text fusion-text-10\"><p>Bild: Adobe Stock \u2013 Copyright-Hinweis: \u00a9<strong>REDPIXEL<\/strong>\u00a0&#8211; stock.adobe.com<\/p>\n<\/div><div class=\"fusion-clearfix\"><\/div><\/div><\/div><\/div><\/div><\/p>\n","protected":false},"excerpt":{"rendered":"","protected":false},"author":10,"featured_media":1425,"comment_status":"closed","ping_status":"open","sticky":false,"template":"","format":"standard","meta":{"footnotes":""},"categories":[1,596],"tags":[545,546,547,548,549,550,508,534],"class_list":["post-1424","post","type-post","status-publish","format-standard","has-post-thumbnail","hentry","category-allgemein","category-marketing","tag-bekanntheit","tag-corporate-behavior","tag-corporate-communication","tag-corporate-culture","tag-corporate-design","tag-corporate-identity","tag-digitalagentur","tag-vertrauen"],"yoast_head":"<!-- This site is optimized with the Yoast SEO plugin v27.5 - https:\/\/yoast.com\/product\/yoast-seo-wordpress\/ -->\n<title>Warum die Corporate Identity so wichtig ist<\/title>\n<meta name=\"description\" content=\"Wie k\u00f6nnen Unternehmen in der heutigen mediengepr\u00e4gten Welt ihre Bekanntheit steigern? Mit Corporate Identity! Was sie f\u00fcr das Marketing bedeutet.\" \/>\n<meta name=\"robots\" content=\"index, follow, max-snippet:-1, max-image-preview:large, max-video-preview:-1\" \/>\n<link rel=\"canonical\" href=\"https:\/\/www.firstaudit.de\/blog\/marketing\/corporate-identity\/\" \/>\n<meta property=\"og:locale\" content=\"de_DE\" \/>\n<meta property=\"og:type\" content=\"article\" \/>\n<meta property=\"og:title\" content=\"Warum die Corporate Identity so wichtig ist\" \/>\n<meta property=\"og:description\" content=\"Wie k\u00f6nnen Unternehmen in der heutigen mediengepr\u00e4gten Welt ihre Bekanntheit steigern? Mit Corporate Identity! Was sie f\u00fcr das Marketing bedeutet.\" \/>\n<meta property=\"og:url\" content=\"https:\/\/www.firstaudit.de\/blog\/marketing\/corporate-identity\/\" \/>\n<meta property=\"og:site_name\" content=\"Digitalisierung\" \/>\n<meta property=\"article:publisher\" content=\"https:\/\/www.facebook.com\/firstauditchecklist\/\" \/>\n<meta property=\"article:published_time\" content=\"2019-10-01T10:34:42+00:00\" \/>\n<meta property=\"article:modified_time\" content=\"2026-03-24T12:34:11+00:00\" \/>\n<meta property=\"og:image\" content=\"https:\/\/www.firstaudit.de\/blog\/wp-content\/uploads\/2019\/10\/rs_Corporate_Identity.jpg\" \/>\n\t<meta property=\"og:image:width\" content=\"2000\" \/>\n\t<meta property=\"og:image:height\" content=\"550\" \/>\n\t<meta property=\"og:image:type\" content=\"image\/jpeg\" \/>\n<meta name=\"author\" content=\"Arne Reis\" \/>\n<meta name=\"twitter:card\" content=\"summary_large_image\" \/>\n<meta name=\"twitter:label1\" content=\"Verfasst von\" \/>\n\t<meta name=\"twitter:data1\" content=\"Arne Reis\" \/>\n\t<meta name=\"twitter:label2\" content=\"Gesch\u00e4tzte Lesezeit\" \/>\n\t<meta name=\"twitter:data2\" content=\"4\u00a0Minuten\" \/>\n<script type=\"application\/ld+json\" class=\"yoast-schema-graph\">{\"@context\":\"https:\\\/\\\/schema.org\",\"@graph\":[{\"@type\":\"Article\",\"@id\":\"https:\\\/\\\/www.firstaudit.de\\\/blog\\\/marketing\\\/corporate-identity\\\/#article\",\"isPartOf\":{\"@id\":\"https:\\\/\\\/www.firstaudit.de\\\/blog\\\/marketing\\\/corporate-identity\\\/\"},\"author\":{\"name\":\"Arne Reis\",\"@id\":\"https:\\\/\\\/www.firstaudit.de\\\/blog\\\/#\\\/schema\\\/person\\\/4db408c6a09cb495bd94cd9091399b82\"},\"headline\":\"Warum die Corporate Identity so wichtig ist\",\"datePublished\":\"2019-10-01T10:34:42+00:00\",\"dateModified\":\"2026-03-24T12:34:11+00:00\",\"mainEntityOfPage\":{\"@id\":\"https:\\\/\\\/www.firstaudit.de\\\/blog\\\/marketing\\\/corporate-identity\\\/\"},\"wordCount\":3442,\"publisher\":{\"@id\":\"https:\\\/\\\/www.firstaudit.de\\\/blog\\\/#organization\"},\"image\":{\"@id\":\"https:\\\/\\\/www.firstaudit.de\\\/blog\\\/marketing\\\/corporate-identity\\\/#primaryimage\"},\"thumbnailUrl\":\"https:\\\/\\\/www.firstaudit.de\\\/blog\\\/wp-content\\\/uploads\\\/2019\\\/10\\\/rs_Corporate_Identity.jpg\",\"keywords\":[\"Bekanntheit\",\"Corporate Behavior\",\"Corporate Communication\",\"Corporate Culture\",\"Corporate Design\",\"Corporate Identity\",\"Digitalagentur\",\"Vertrauen\"],\"articleSection\":{\"1\":\"Marketing\"},\"inLanguage\":\"de\"},{\"@type\":\"WebPage\",\"@id\":\"https:\\\/\\\/www.firstaudit.de\\\/blog\\\/marketing\\\/corporate-identity\\\/\",\"url\":\"https:\\\/\\\/www.firstaudit.de\\\/blog\\\/marketing\\\/corporate-identity\\\/\",\"name\":\"Warum die Corporate Identity so wichtig ist\",\"isPartOf\":{\"@id\":\"https:\\\/\\\/www.firstaudit.de\\\/blog\\\/#website\"},\"primaryImageOfPage\":{\"@id\":\"https:\\\/\\\/www.firstaudit.de\\\/blog\\\/marketing\\\/corporate-identity\\\/#primaryimage\"},\"image\":{\"@id\":\"https:\\\/\\\/www.firstaudit.de\\\/blog\\\/marketing\\\/corporate-identity\\\/#primaryimage\"},\"thumbnailUrl\":\"https:\\\/\\\/www.firstaudit.de\\\/blog\\\/wp-content\\\/uploads\\\/2019\\\/10\\\/rs_Corporate_Identity.jpg\",\"datePublished\":\"2019-10-01T10:34:42+00:00\",\"dateModified\":\"2026-03-24T12:34:11+00:00\",\"description\":\"Wie k\u00f6nnen Unternehmen in der heutigen mediengepr\u00e4gten Welt ihre Bekanntheit steigern? Mit Corporate Identity! Was sie f\u00fcr das Marketing bedeutet.\",\"inLanguage\":\"de\",\"potentialAction\":[{\"@type\":\"ReadAction\",\"target\":[\"https:\\\/\\\/www.firstaudit.de\\\/blog\\\/marketing\\\/corporate-identity\\\/\"]}]},{\"@type\":\"ImageObject\",\"inLanguage\":\"de\",\"@id\":\"https:\\\/\\\/www.firstaudit.de\\\/blog\\\/marketing\\\/corporate-identity\\\/#primaryimage\",\"url\":\"https:\\\/\\\/www.firstaudit.de\\\/blog\\\/wp-content\\\/uploads\\\/2019\\\/10\\\/rs_Corporate_Identity.jpg\",\"contentUrl\":\"https:\\\/\\\/www.firstaudit.de\\\/blog\\\/wp-content\\\/uploads\\\/2019\\\/10\\\/rs_Corporate_Identity.jpg\",\"width\":2000,\"height\":550,\"caption\":\"Warum die Corporate Identity so wichtig ist\"},{\"@type\":\"WebSite\",\"@id\":\"https:\\\/\\\/www.firstaudit.de\\\/blog\\\/#website\",\"url\":\"https:\\\/\\\/www.firstaudit.de\\\/blog\\\/\",\"name\":\"firstaudit - digitale Checklisten & Protokolle\",\"description\":\"Blog f\u00fcr digitale Transformation\",\"publisher\":{\"@id\":\"https:\\\/\\\/www.firstaudit.de\\\/blog\\\/#organization\"},\"potentialAction\":[{\"@type\":\"SearchAction\",\"target\":{\"@type\":\"EntryPoint\",\"urlTemplate\":\"https:\\\/\\\/www.firstaudit.de\\\/blog\\\/?s={search_term_string}\"},\"query-input\":{\"@type\":\"PropertyValueSpecification\",\"valueRequired\":true,\"valueName\":\"search_term_string\"}}],\"inLanguage\":\"de\"},{\"@type\":\"Organization\",\"@id\":\"https:\\\/\\\/www.firstaudit.de\\\/blog\\\/#organization\",\"name\":\"firstaudit - Digitale Checklisten und Dokumentationen\",\"url\":\"https:\\\/\\\/www.firstaudit.de\\\/blog\\\/\",\"logo\":{\"@type\":\"ImageObject\",\"inLanguage\":\"de\",\"@id\":\"https:\\\/\\\/www.firstaudit.de\\\/blog\\\/#\\\/schema\\\/logo\\\/image\\\/\",\"url\":\"https:\\\/\\\/www.firstaudit.de\\\/blog\\\/wp-content\\\/uploads\\\/2019\\\/04\\\/firstaudit_favicon_144x144.png\",\"contentUrl\":\"https:\\\/\\\/www.firstaudit.de\\\/blog\\\/wp-content\\\/uploads\\\/2019\\\/04\\\/firstaudit_favicon_144x144.png\",\"width\":144,\"height\":144,\"caption\":\"firstaudit - Digitale Checklisten und Dokumentationen\"},\"image\":{\"@id\":\"https:\\\/\\\/www.firstaudit.de\\\/blog\\\/#\\\/schema\\\/logo\\\/image\\\/\"},\"sameAs\":[\"https:\\\/\\\/www.facebook.com\\\/firstauditchecklist\\\/\"]},{\"@type\":\"Person\",\"@id\":\"https:\\\/\\\/www.firstaudit.de\\\/blog\\\/#\\\/schema\\\/person\\\/4db408c6a09cb495bd94cd9091399b82\",\"name\":\"Arne Reis\",\"image\":{\"@type\":\"ImageObject\",\"inLanguage\":\"de\",\"@id\":\"https:\\\/\\\/secure.gravatar.com\\\/avatar\\\/c4bef4065a8d3a8c90ef072fc15384f76adfd3db7c8a1dda60c10ae1941a2585?s=96&d=mm&r=g\",\"url\":\"https:\\\/\\\/secure.gravatar.com\\\/avatar\\\/c4bef4065a8d3a8c90ef072fc15384f76adfd3db7c8a1dda60c10ae1941a2585?s=96&d=mm&r=g\",\"contentUrl\":\"https:\\\/\\\/secure.gravatar.com\\\/avatar\\\/c4bef4065a8d3a8c90ef072fc15384f76adfd3db7c8a1dda60c10ae1941a2585?s=96&d=mm&r=g\",\"caption\":\"Arne Reis\"},\"description\":\"Arne Reis ist Gr\u00fcnder von firstaudit und flowdit sowie Gesch\u00e4ftsf\u00fchrer der reinstil GmbH &amp; Co. KG in Mainz. Mit \u00fcber 15 Jahren Erfahrung in der individuellen Softwareentwicklung f\u00fcr Industrieunternehmen kennt er die Digitalisierungsherausforderungen produzierender Betriebe aus erster Hand. Kunden wie ADAC, SPRELA, NTT und f\u00fchrende Pharmakonzerne vertrauen auf seine L\u00f6sungen.\",\"sameAs\":[\"https:\\\/\\\/www.digitalagentur-mainz.de\",\"https:\\\/\\\/www.linkedin.com\\\/in\\\/arnereis\\\/\"],\"url\":\"https:\\\/\\\/www.firstaudit.de\\\/blog\\\/author\\\/reinstil-admin\\\/\"}]}<\/script>\n<!-- \/ Yoast SEO plugin. -->","yoast_head_json":{"title":"Warum die Corporate Identity so wichtig ist","description":"Wie k\u00f6nnen Unternehmen in der heutigen mediengepr\u00e4gten Welt ihre Bekanntheit steigern? Mit Corporate Identity! Was sie f\u00fcr das Marketing bedeutet.","robots":{"index":"index","follow":"follow","max-snippet":"max-snippet:-1","max-image-preview":"max-image-preview:large","max-video-preview":"max-video-preview:-1"},"canonical":"https:\/\/www.firstaudit.de\/blog\/marketing\/corporate-identity\/","og_locale":"de_DE","og_type":"article","og_title":"Warum die Corporate Identity so wichtig ist","og_description":"Wie k\u00f6nnen Unternehmen in der heutigen mediengepr\u00e4gten Welt ihre Bekanntheit steigern? Mit Corporate Identity! Was sie f\u00fcr das Marketing bedeutet.","og_url":"https:\/\/www.firstaudit.de\/blog\/marketing\/corporate-identity\/","og_site_name":"Digitalisierung","article_publisher":"https:\/\/www.facebook.com\/firstauditchecklist\/","article_published_time":"2019-10-01T10:34:42+00:00","article_modified_time":"2026-03-24T12:34:11+00:00","og_image":[{"width":2000,"height":550,"url":"https:\/\/www.firstaudit.de\/blog\/wp-content\/uploads\/2019\/10\/rs_Corporate_Identity.jpg","type":"image\/jpeg"}],"author":"Arne Reis","twitter_card":"summary_large_image","twitter_misc":{"Verfasst von":"Arne Reis","Gesch\u00e4tzte Lesezeit":"4\u00a0Minuten"},"schema":{"@context":"https:\/\/schema.org","@graph":[{"@type":"Article","@id":"https:\/\/www.firstaudit.de\/blog\/marketing\/corporate-identity\/#article","isPartOf":{"@id":"https:\/\/www.firstaudit.de\/blog\/marketing\/corporate-identity\/"},"author":{"name":"Arne Reis","@id":"https:\/\/www.firstaudit.de\/blog\/#\/schema\/person\/4db408c6a09cb495bd94cd9091399b82"},"headline":"Warum die Corporate Identity so wichtig ist","datePublished":"2019-10-01T10:34:42+00:00","dateModified":"2026-03-24T12:34:11+00:00","mainEntityOfPage":{"@id":"https:\/\/www.firstaudit.de\/blog\/marketing\/corporate-identity\/"},"wordCount":3442,"publisher":{"@id":"https:\/\/www.firstaudit.de\/blog\/#organization"},"image":{"@id":"https:\/\/www.firstaudit.de\/blog\/marketing\/corporate-identity\/#primaryimage"},"thumbnailUrl":"https:\/\/www.firstaudit.de\/blog\/wp-content\/uploads\/2019\/10\/rs_Corporate_Identity.jpg","keywords":["Bekanntheit","Corporate Behavior","Corporate Communication","Corporate Culture","Corporate Design","Corporate Identity","Digitalagentur","Vertrauen"],"articleSection":{"1":"Marketing"},"inLanguage":"de"},{"@type":"WebPage","@id":"https:\/\/www.firstaudit.de\/blog\/marketing\/corporate-identity\/","url":"https:\/\/www.firstaudit.de\/blog\/marketing\/corporate-identity\/","name":"Warum die Corporate Identity so wichtig ist","isPartOf":{"@id":"https:\/\/www.firstaudit.de\/blog\/#website"},"primaryImageOfPage":{"@id":"https:\/\/www.firstaudit.de\/blog\/marketing\/corporate-identity\/#primaryimage"},"image":{"@id":"https:\/\/www.firstaudit.de\/blog\/marketing\/corporate-identity\/#primaryimage"},"thumbnailUrl":"https:\/\/www.firstaudit.de\/blog\/wp-content\/uploads\/2019\/10\/rs_Corporate_Identity.jpg","datePublished":"2019-10-01T10:34:42+00:00","dateModified":"2026-03-24T12:34:11+00:00","description":"Wie k\u00f6nnen Unternehmen in der heutigen mediengepr\u00e4gten Welt ihre Bekanntheit steigern? Mit Corporate Identity! Was sie f\u00fcr das Marketing bedeutet.","inLanguage":"de","potentialAction":[{"@type":"ReadAction","target":["https:\/\/www.firstaudit.de\/blog\/marketing\/corporate-identity\/"]}]},{"@type":"ImageObject","inLanguage":"de","@id":"https:\/\/www.firstaudit.de\/blog\/marketing\/corporate-identity\/#primaryimage","url":"https:\/\/www.firstaudit.de\/blog\/wp-content\/uploads\/2019\/10\/rs_Corporate_Identity.jpg","contentUrl":"https:\/\/www.firstaudit.de\/blog\/wp-content\/uploads\/2019\/10\/rs_Corporate_Identity.jpg","width":2000,"height":550,"caption":"Warum die Corporate Identity so wichtig ist"},{"@type":"WebSite","@id":"https:\/\/www.firstaudit.de\/blog\/#website","url":"https:\/\/www.firstaudit.de\/blog\/","name":"firstaudit - digitale Checklisten & Protokolle","description":"Blog f\u00fcr digitale Transformation","publisher":{"@id":"https:\/\/www.firstaudit.de\/blog\/#organization"},"potentialAction":[{"@type":"SearchAction","target":{"@type":"EntryPoint","urlTemplate":"https:\/\/www.firstaudit.de\/blog\/?s={search_term_string}"},"query-input":{"@type":"PropertyValueSpecification","valueRequired":true,"valueName":"search_term_string"}}],"inLanguage":"de"},{"@type":"Organization","@id":"https:\/\/www.firstaudit.de\/blog\/#organization","name":"firstaudit - Digitale Checklisten und Dokumentationen","url":"https:\/\/www.firstaudit.de\/blog\/","logo":{"@type":"ImageObject","inLanguage":"de","@id":"https:\/\/www.firstaudit.de\/blog\/#\/schema\/logo\/image\/","url":"https:\/\/www.firstaudit.de\/blog\/wp-content\/uploads\/2019\/04\/firstaudit_favicon_144x144.png","contentUrl":"https:\/\/www.firstaudit.de\/blog\/wp-content\/uploads\/2019\/04\/firstaudit_favicon_144x144.png","width":144,"height":144,"caption":"firstaudit - Digitale Checklisten und Dokumentationen"},"image":{"@id":"https:\/\/www.firstaudit.de\/blog\/#\/schema\/logo\/image\/"},"sameAs":["https:\/\/www.facebook.com\/firstauditchecklist\/"]},{"@type":"Person","@id":"https:\/\/www.firstaudit.de\/blog\/#\/schema\/person\/4db408c6a09cb495bd94cd9091399b82","name":"Arne Reis","image":{"@type":"ImageObject","inLanguage":"de","@id":"https:\/\/secure.gravatar.com\/avatar\/c4bef4065a8d3a8c90ef072fc15384f76adfd3db7c8a1dda60c10ae1941a2585?s=96&d=mm&r=g","url":"https:\/\/secure.gravatar.com\/avatar\/c4bef4065a8d3a8c90ef072fc15384f76adfd3db7c8a1dda60c10ae1941a2585?s=96&d=mm&r=g","contentUrl":"https:\/\/secure.gravatar.com\/avatar\/c4bef4065a8d3a8c90ef072fc15384f76adfd3db7c8a1dda60c10ae1941a2585?s=96&d=mm&r=g","caption":"Arne Reis"},"description":"Arne Reis ist Gr\u00fcnder von firstaudit und flowdit sowie Gesch\u00e4ftsf\u00fchrer der reinstil GmbH &amp; Co. KG in Mainz. Mit \u00fcber 15 Jahren Erfahrung in der individuellen Softwareentwicklung f\u00fcr Industrieunternehmen kennt er die Digitalisierungsherausforderungen produzierender Betriebe aus erster Hand. Kunden wie ADAC, SPRELA, NTT und f\u00fchrende Pharmakonzerne vertrauen auf seine L\u00f6sungen.","sameAs":["https:\/\/www.digitalagentur-mainz.de","https:\/\/www.linkedin.com\/in\/arnereis\/"],"url":"https:\/\/www.firstaudit.de\/blog\/author\/reinstil-admin\/"}]}},"_links":{"self":[{"href":"https:\/\/www.firstaudit.de\/blog\/wp-json\/wp\/v2\/posts\/1424","targetHints":{"allow":["GET"]}}],"collection":[{"href":"https:\/\/www.firstaudit.de\/blog\/wp-json\/wp\/v2\/posts"}],"about":[{"href":"https:\/\/www.firstaudit.de\/blog\/wp-json\/wp\/v2\/types\/post"}],"author":[{"embeddable":true,"href":"https:\/\/www.firstaudit.de\/blog\/wp-json\/wp\/v2\/users\/10"}],"replies":[{"embeddable":true,"href":"https:\/\/www.firstaudit.de\/blog\/wp-json\/wp\/v2\/comments?post=1424"}],"version-history":[{"count":7,"href":"https:\/\/www.firstaudit.de\/blog\/wp-json\/wp\/v2\/posts\/1424\/revisions"}],"predecessor-version":[{"id":20997,"href":"https:\/\/www.firstaudit.de\/blog\/wp-json\/wp\/v2\/posts\/1424\/revisions\/20997"}],"wp:featuredmedia":[{"embeddable":true,"href":"https:\/\/www.firstaudit.de\/blog\/wp-json\/wp\/v2\/media\/1425"}],"wp:attachment":[{"href":"https:\/\/www.firstaudit.de\/blog\/wp-json\/wp\/v2\/media?parent=1424"}],"wp:term":[{"taxonomy":"category","embeddable":true,"href":"https:\/\/www.firstaudit.de\/blog\/wp-json\/wp\/v2\/categories?post=1424"},{"taxonomy":"post_tag","embeddable":true,"href":"https:\/\/www.firstaudit.de\/blog\/wp-json\/wp\/v2\/tags?post=1424"}],"curies":[{"name":"wp","href":"https:\/\/api.w.org\/{rel}","templated":true}]}}