{"id":1183,"date":"2019-06-13T11:49:41","date_gmt":"2019-06-13T09:49:41","guid":{"rendered":"https:\/\/www.firstaudit.de\/blog\/?p=1183"},"modified":"2026-03-24T14:08:29","modified_gmt":"2026-03-24T13:08:29","slug":"firstaudit-in-der-pflegevisite","status":"publish","type":"post","link":"https:\/\/www.firstaudit.de\/blog\/case-studies\/firstaudit-in-der-pflegevisite\/","title":{"rendered":"firstaudit in der Pflegevisite"},"content":{"rendered":"<p><div class=\"fusion-fullwidth fullwidth-box fusion-builder-row-1 hundred-percent-fullwidth non-hundred-percent-height-scrolling\" style=\"--awb-border-radius-top-left:0px;--awb-border-radius-top-right:0px;--awb-border-radius-bottom-right:0px;--awb-border-radius-bottom-left:0px;--awb-padding-right:0px;--awb-padding-left:0px;--awb-flex-wrap:wrap;\" ><div class=\"fusion-builder-row fusion-row\"><div class=\"fusion-layout-column fusion_builder_column fusion-builder-column-0 fusion_builder_column_1_1 1_1 fusion-one-full fusion-column-first fusion-column-last\" style=\"--awb-bg-size:cover;\"><div class=\"fusion-column-wrapper fusion-flex-column-wrapper-legacy\"><div class=\"fusion-image-element in-legacy-container\" style=\"--awb-caption-title-font-family:var(--h2_typography-font-family);--awb-caption-title-font-weight:var(--h2_typography-font-weight);--awb-caption-title-font-style:var(--h2_typography-font-style);--awb-caption-title-size:var(--h2_typography-font-size);--awb-caption-title-transform:var(--h2_typography-text-transform);--awb-caption-title-line-height:var(--h2_typography-line-height);--awb-caption-title-letter-spacing:var(--h2_typography-letter-spacing);\"><span class=\" fusion-imageframe imageframe-none imageframe-1 hover-type-none\"><img decoding=\"async\" width=\"2000\" height=\"550\" alt=\"firstaudit in der Pflegevisite\" title=\"fa_Pflegevisite\" src=\"\/blog\/wp-content\/uploads\/2019\/06\/fa_Pfelgevisite.png\" class=\"img-responsive wp-image-1185\" srcset=\"https:\/\/www.firstaudit.de\/blog\/wp-content\/uploads\/2019\/06\/fa_Pfelgevisite-200x55.png 200w, https:\/\/www.firstaudit.de\/blog\/wp-content\/uploads\/2019\/06\/fa_Pfelgevisite-400x110.png 400w, https:\/\/www.firstaudit.de\/blog\/wp-content\/uploads\/2019\/06\/fa_Pfelgevisite-600x165.png 600w, https:\/\/www.firstaudit.de\/blog\/wp-content\/uploads\/2019\/06\/fa_Pfelgevisite-800x220.png 800w, https:\/\/www.firstaudit.de\/blog\/wp-content\/uploads\/2019\/06\/fa_Pfelgevisite-1200x330.png 1200w, https:\/\/www.firstaudit.de\/blog\/wp-content\/uploads\/2019\/06\/fa_Pfelgevisite.png 2000w\" sizes=\"(max-width: 800px) 100vw, 2000px\" \/><\/span><\/div><div class=\"fusion-clearfix\"><\/div><\/div><\/div><\/div><\/div><div class=\"fusion-fullwidth fullwidth-box fusion-builder-row-2 nonhundred-percent-fullwidth non-hundred-percent-height-scrolling\" style=\"--awb-border-radius-top-left:0px;--awb-border-radius-top-right:0px;--awb-border-radius-bottom-right:0px;--awb-border-radius-bottom-left:0px;--awb-flex-wrap:wrap;\" ><div class=\"fusion-builder-row fusion-row\"><div class=\"fusion-layout-column fusion_builder_column fusion-builder-column-1 fusion_builder_column_1_1 1_1 fusion-one-full fusion-column-first fusion-column-last\" style=\"--awb-bg-size:cover;\"><div class=\"fusion-column-wrapper fusion-flex-column-wrapper-legacy\"><div class=\"fusion-text fusion-text-1\"><p>Nutzung einer Pflegevisite App<\/p>\n<\/div><div class=\"fusion-text fusion-text-2\"><p>In Altenheimen leben pflegebed\u00fcrftige Menschen, die von den Fachkr\u00e4ften individuell betreut werden. W\u00e4hrend einer Pflegevisite werden in regelm\u00e4\u00dfigen Abst\u00e4nden der gesundheitliche Zustand der Bewohner \u00fcberpr\u00fcft sowie Pflegerisiken ermittelt. Wie kann die App firstaudit dabei helfen?<\/p>\n<\/div><div class=\"fusion-title title fusion-title-1 fusion-title-text fusion-title-size-two\" style=\"--awb-margin-top:20px;--awb-margin-bottom:5px;--awb-margin-top-small:0px;--awb-margin-right-small:0px;--awb-margin-bottom-small:20px;--awb-margin-left-small:0px;--awb-font-size:25px;\"><h2 class=\"fusion-title-heading title-heading-left fusion-responsive-typography-calculated\" style=\"margin:0;font-size:1em;--fontSize:25;line-height:var(--awb-typography2-line-height);\">Welche Funktion hat eine Pflegevisite?<\/h2><span class=\"awb-title-spacer\"><\/span><div class=\"title-sep-container\"><div class=\"title-sep sep- sep-solid\" style=\"border-color:#eaeaea;\"><\/div><\/div><\/div><div class=\"fusion-text fusion-text-3\"><p>Die Ziele einer Pflegevisite sind vielf\u00e4ltig. Dazu geh\u00f6rt unter anderem, die Lebensqualit\u00e4t der Bewohner zu erhalten und bei M\u00f6glichkeit zu verbessern. Hinzu kommt, die richtige Therapiema\u00dfnahmen zu treffen und den laufenden Behandlungsverlauf zu beobachten. Im weiteren Sinne geht es darum, die Pflegequalit\u00e4t dauerhaft zu gew\u00e4hrleisten und zu optimieren. Daf\u00fcr sind strukturierte Prozesse im direkten pflegerischen Umfeld erforderlich.<\/p>\n<\/div><div class=\"fusion-title title fusion-title-2 fusion-title-text fusion-title-size-two\" style=\"--awb-margin-top:20px;--awb-margin-bottom:5px;--awb-margin-top-small:0px;--awb-margin-right-small:0px;--awb-margin-bottom-small:20px;--awb-margin-left-small:0px;--awb-font-size:25px;\"><h2 class=\"fusion-title-heading title-heading-left fusion-responsive-typography-calculated\" style=\"margin:0;font-size:1em;--fontSize:25;line-height:var(--awb-typography2-line-height);\">Einheitliche Checklisten<\/h2><span class=\"awb-title-spacer\"><\/span><div class=\"title-sep-container\"><div class=\"title-sep sep- sep-solid\" style=\"border-color:#eaeaea;\"><\/div><\/div><\/div><div class=\"fusion-text fusion-text-4\"><p>Um die Pflegevisite als Instrument des Qualit\u00e4tsmanagements durchzuf\u00fchren, sind Checklisten hilfreich. Damit stellen Einrichtungen sicher, dass sich alle Fachkr\u00e4fte an einheitliche Vorgaben halten. Die App firstaudit kann hier eine wertvolle Hilfestellung leisten: Mittels firstaudit lassen sich Audits speziell auf die Einrichtung zugeschnitten erstellen und in digitaler Form festhalten. Auf diese Weise behalten Pflegekr\u00e4fte jederzeit den \u00dcberblick und sind dank Checklisten perfekt organisiert. In der Praxis k\u00f6nnen Qualit\u00e4tskriterien festgelegt werden, die zu kontrollieren sind. Dazu geh\u00f6ren Lebensaktivit\u00e4ten des Bewohners, die das Pflegepersonal zu beurteilen hat, wie beispielsweise:<\/p>\n<p>&#8211; Wie l\u00e4uft die Kommunikation mit dem Bewohner ab? Kann er sich artikulieren?<br \/>\n&#8211; Essen und Trinken: Ist der Bewohner im Stande, die t\u00e4gliche Nahrung aufzunehmen?<br \/>\n&#8211; Kann der Bewohner sich besch\u00e4ftigen und f\u00fchlt er sich in seinem sozialen Umfeld wohl?<\/p>\n<p>Auf der Checkliste werden alle Punkte mit Hilfe eines Ist-Soll-Abgleichs abgearbeitet. Nur so kann das Pflegepersonal Schw\u00e4chen oder Abweichungen feststellen und daraufhin \u00fcber weitere Ma\u00dfnahmen entscheiden.<\/p>\n<\/div><div class=\"fusion-title title fusion-title-3 fusion-title-text fusion-title-size-two\" style=\"--awb-margin-top:20px;--awb-margin-bottom:5px;--awb-margin-top-small:0px;--awb-margin-right-small:0px;--awb-margin-bottom-small:20px;--awb-margin-left-small:0px;--awb-font-size:25px;\"><h2 class=\"fusion-title-heading title-heading-left fusion-responsive-typography-calculated\" style=\"margin:0;font-size:1em;--fontSize:25;line-height:var(--awb-typography2-line-height);\">Dokumentation erleichtert<\/h2><span class=\"awb-title-spacer\"><\/span><div class=\"title-sep-container\"><div class=\"title-sep sep- sep-solid\" style=\"border-color:#eaeaea;\"><\/div><\/div><\/div><div class=\"fusion-text fusion-text-5\"><p>Pflegekr\u00e4fte tragen t\u00e4glich eine gro\u00dfe Verantwortung, denn Fehler k\u00f6nnen f\u00fcr Bewohner schwerwiegende Folgen haben. Gleichzeitig stehen die Fachkr\u00e4fte unter einem enormen Zeitdruck, denn sie sind auf einer Station f\u00fcr mehrere Menschen gleichzeitig verantwortlich. Vor diesem Hintergrund sind Dokumentationen rechtlich vorgeschrieben, die jederzeit Aufschluss \u00fcber den Zustand der Bewohner liefern. Im Anschluss an die Pflegevisite sind demnach Altenpfleger dazu verpflichtet, alle Informationen im Rahmen eines Protokolls in schriftlicher Form festzuhalten. Kommt die App firstaudit zum Einsatz, sparen Fachkr\u00e4fte Zeit, denn alle Informationen werden w\u00e4hrend der Visite aufgenommen und gespeichert. Zettelwirtschaft und B\u00fcrokratie geh\u00f6ren damit der Vergangenheit an. Folglich gewinnen Fachkr\u00e4fte Zeit daf\u00fcr, sich um die Anliegen der Bewohner zu k\u00fcmmern.<\/p>\n<\/div><div class=\"fusion-clearfix\"><\/div><\/div><\/div><\/div><\/div><div class=\"fusion-fullwidth fullwidth-box fusion-builder-row-3 nonhundred-percent-fullwidth non-hundred-percent-height-scrolling sources\" style=\"--awb-border-radius-top-left:0px;--awb-border-radius-top-right:0px;--awb-border-radius-bottom-right:0px;--awb-border-radius-bottom-left:0px;--awb-flex-wrap:wrap;\" ><div class=\"fusion-builder-row fusion-row\"><div class=\"fusion-layout-column fusion_builder_column fusion-builder-column-2 fusion_builder_column_1_1 1_1 fusion-one-full fusion-column-first fusion-column-last\" style=\"--awb-bg-size:cover;\"><div class=\"fusion-column-wrapper fusion-column-has-shadow fusion-flex-column-wrapper-legacy\">Bild: Adobe Stock \u2013 Copyright-Hinweis: \u00a9 Agnes Sadlowska  \u2013 stock.adobe.com\n<br>\nhttps:\/\/www.aok-verlag.info\/de\/media_db_objects\/inline\/0x0\/0\/767\/PDCA_Auszug_Kapitel_4-2.pdf\n<br>\nhttps:\/\/www.forum-verlag.com\/themenwelten\/gesundheitswesen-und-pflege\/einrichtungsmanagement-und-pflege\/pflegevisite-definition-und-checkliste-zu-diesem-wichtigen-teil-der-pflegeplanung\n\n<div class=\"fusion-clearfix\"><\/div><\/div><\/div><\/div><\/div><\/p>\n","protected":false},"excerpt":{"rendered":"","protected":false},"author":10,"featured_media":1185,"comment_status":"closed","ping_status":"open","sticky":false,"template":"","format":"standard","meta":{"footnotes":""},"categories":[54],"tags":[91,104,99,111,110,103],"class_list":["post-1183","post","type-post","status-publish","format-standard","has-post-thumbnail","hentry","category-case-studies","tag-digitalisierung","tag-dokumentation","tag-firstaudit","tag-pflegevisite","tag-qualitaetskontrolle-checklisten","tag-transformation"],"yoast_head":"<!-- This site is optimized with the Yoast SEO plugin v27.5 - https:\/\/yoast.com\/product\/yoast-seo-wordpress\/ -->\n<title>firstaudit in der Pflegevisite - Digitalisierung<\/title>\n<meta name=\"description\" content=\"Die Pflegevisite ist ein wichtiges Instrument f\u00fcr das Qualit\u00e4tsmanagement in Altenheimen. Wie kann die App firstaudit dabei helfen?\" \/>\n<meta name=\"robots\" content=\"index, follow, max-snippet:-1, max-image-preview:large, max-video-preview:-1\" \/>\n<link rel=\"canonical\" href=\"https:\/\/www.firstaudit.de\/blog\/case-studies\/firstaudit-in-der-pflegevisite\/\" \/>\n<meta property=\"og:locale\" content=\"de_DE\" \/>\n<meta property=\"og:type\" content=\"article\" \/>\n<meta property=\"og:title\" content=\"firstaudit in der Pflegevisite - Digitalisierung\" \/>\n<meta property=\"og:description\" content=\"In Altenheimen leben pflegebed\u00fcrftige Menschen, die von den Fachkr\u00e4ften individuell betreut werden. W\u00e4hrend einer Pflegevisite werden in regelm\u00e4\u00dfigen Abst\u00e4nden der gesundheitliche Zustand der Bewohner \u00fcberpr\u00fcft sowie Pflegerisiken ermittelt. Wie kann die App firstaudit dabei helfen?\" \/>\n<meta property=\"og:url\" content=\"https:\/\/www.firstaudit.de\/blog\/case-studies\/firstaudit-in-der-pflegevisite\/\" \/>\n<meta property=\"og:site_name\" content=\"Digitalisierung\" \/>\n<meta property=\"article:publisher\" content=\"https:\/\/www.facebook.com\/firstauditchecklist\/\" \/>\n<meta property=\"article:published_time\" content=\"2019-06-13T09:49:41+00:00\" \/>\n<meta property=\"article:modified_time\" content=\"2026-03-24T13:08:29+00:00\" \/>\n<meta property=\"og:image\" content=\"https:\/\/www.firstaudit.de\/blog\/wp-content\/uploads\/2019\/06\/fa_Pfelgevisite.png\" \/>\n\t<meta property=\"og:image:width\" content=\"2000\" \/>\n\t<meta property=\"og:image:height\" content=\"550\" \/>\n\t<meta property=\"og:image:type\" content=\"image\/png\" \/>\n<meta name=\"author\" content=\"Arne Reis\" \/>\n<meta name=\"twitter:card\" content=\"summary_large_image\" \/>\n<meta name=\"twitter:description\" content=\"In Altenheimen leben pflegebed\u00fcrftige Menschen, die von den Fachkr\u00e4ften individuell betreut werden. W\u00e4hrend einer Pflegevisite werden in regelm\u00e4\u00dfigen Abst\u00e4nden der gesundheitliche Zustand der Bewohner \u00fcberpr\u00fcft sowie Pflegerisiken ermittelt. Wie kann die App firstaudit dabei helfen?\" \/>\n<meta name=\"twitter:label1\" content=\"Verfasst von\" \/>\n\t<meta name=\"twitter:data1\" content=\"Arne Reis\" \/>\n\t<meta name=\"twitter:label2\" content=\"Gesch\u00e4tzte Lesezeit\" \/>\n\t<meta name=\"twitter:data2\" content=\"3\u00a0Minuten\" \/>\n<script type=\"application\/ld+json\" class=\"yoast-schema-graph\">{\"@context\":\"https:\\\/\\\/schema.org\",\"@graph\":[{\"@type\":\"Article\",\"@id\":\"https:\\\/\\\/www.firstaudit.de\\\/blog\\\/case-studies\\\/firstaudit-in-der-pflegevisite\\\/#article\",\"isPartOf\":{\"@id\":\"https:\\\/\\\/www.firstaudit.de\\\/blog\\\/case-studies\\\/firstaudit-in-der-pflegevisite\\\/\"},\"author\":{\"name\":\"Arne Reis\",\"@id\":\"https:\\\/\\\/www.firstaudit.de\\\/blog\\\/#\\\/schema\\\/person\\\/4db408c6a09cb495bd94cd9091399b82\"},\"headline\":\"firstaudit in der Pflegevisite\",\"datePublished\":\"2019-06-13T09:49:41+00:00\",\"dateModified\":\"2026-03-24T13:08:29+00:00\",\"mainEntityOfPage\":{\"@id\":\"https:\\\/\\\/www.firstaudit.de\\\/blog\\\/case-studies\\\/firstaudit-in-der-pflegevisite\\\/\"},\"wordCount\":2170,\"publisher\":{\"@id\":\"https:\\\/\\\/www.firstaudit.de\\\/blog\\\/#organization\"},\"image\":{\"@id\":\"https:\\\/\\\/www.firstaudit.de\\\/blog\\\/case-studies\\\/firstaudit-in-der-pflegevisite\\\/#primaryimage\"},\"thumbnailUrl\":\"https:\\\/\\\/www.firstaudit.de\\\/blog\\\/wp-content\\\/uploads\\\/2019\\\/06\\\/fa_Pfelgevisite.png\",\"keywords\":[\"Digitalisierung\",\"Dokumentation\",\"firstaudit\",\"Pflegevisite\",\"Qualit\u00e4tskontrolle. Checklisten\",\"Transformation\"],\"articleSection\":[\"Case Studies\"],\"inLanguage\":\"de\"},{\"@type\":\"WebPage\",\"@id\":\"https:\\\/\\\/www.firstaudit.de\\\/blog\\\/case-studies\\\/firstaudit-in-der-pflegevisite\\\/\",\"url\":\"https:\\\/\\\/www.firstaudit.de\\\/blog\\\/case-studies\\\/firstaudit-in-der-pflegevisite\\\/\",\"name\":\"firstaudit in der Pflegevisite - Digitalisierung\",\"isPartOf\":{\"@id\":\"https:\\\/\\\/www.firstaudit.de\\\/blog\\\/#website\"},\"primaryImageOfPage\":{\"@id\":\"https:\\\/\\\/www.firstaudit.de\\\/blog\\\/case-studies\\\/firstaudit-in-der-pflegevisite\\\/#primaryimage\"},\"image\":{\"@id\":\"https:\\\/\\\/www.firstaudit.de\\\/blog\\\/case-studies\\\/firstaudit-in-der-pflegevisite\\\/#primaryimage\"},\"thumbnailUrl\":\"https:\\\/\\\/www.firstaudit.de\\\/blog\\\/wp-content\\\/uploads\\\/2019\\\/06\\\/fa_Pfelgevisite.png\",\"datePublished\":\"2019-06-13T09:49:41+00:00\",\"dateModified\":\"2026-03-24T13:08:29+00:00\",\"description\":\"Die Pflegevisite ist ein wichtiges Instrument f\u00fcr das Qualit\u00e4tsmanagement in Altenheimen. Wie kann die App firstaudit dabei helfen?\",\"inLanguage\":\"de\",\"potentialAction\":[{\"@type\":\"ReadAction\",\"target\":[\"https:\\\/\\\/www.firstaudit.de\\\/blog\\\/case-studies\\\/firstaudit-in-der-pflegevisite\\\/\"]}]},{\"@type\":\"ImageObject\",\"inLanguage\":\"de\",\"@id\":\"https:\\\/\\\/www.firstaudit.de\\\/blog\\\/case-studies\\\/firstaudit-in-der-pflegevisite\\\/#primaryimage\",\"url\":\"https:\\\/\\\/www.firstaudit.de\\\/blog\\\/wp-content\\\/uploads\\\/2019\\\/06\\\/fa_Pfelgevisite.png\",\"contentUrl\":\"https:\\\/\\\/www.firstaudit.de\\\/blog\\\/wp-content\\\/uploads\\\/2019\\\/06\\\/fa_Pfelgevisite.png\",\"width\":2000,\"height\":550,\"caption\":\"firstaudit in der Pflegevisite\"},{\"@type\":\"WebSite\",\"@id\":\"https:\\\/\\\/www.firstaudit.de\\\/blog\\\/#website\",\"url\":\"https:\\\/\\\/www.firstaudit.de\\\/blog\\\/\",\"name\":\"firstaudit - digitale Checklisten & Protokolle\",\"description\":\"Blog f\u00fcr digitale Transformation\",\"publisher\":{\"@id\":\"https:\\\/\\\/www.firstaudit.de\\\/blog\\\/#organization\"},\"potentialAction\":[{\"@type\":\"SearchAction\",\"target\":{\"@type\":\"EntryPoint\",\"urlTemplate\":\"https:\\\/\\\/www.firstaudit.de\\\/blog\\\/?s={search_term_string}\"},\"query-input\":{\"@type\":\"PropertyValueSpecification\",\"valueRequired\":true,\"valueName\":\"search_term_string\"}}],\"inLanguage\":\"de\"},{\"@type\":\"Organization\",\"@id\":\"https:\\\/\\\/www.firstaudit.de\\\/blog\\\/#organization\",\"name\":\"firstaudit - Digitale Checklisten und Dokumentationen\",\"url\":\"https:\\\/\\\/www.firstaudit.de\\\/blog\\\/\",\"logo\":{\"@type\":\"ImageObject\",\"inLanguage\":\"de\",\"@id\":\"https:\\\/\\\/www.firstaudit.de\\\/blog\\\/#\\\/schema\\\/logo\\\/image\\\/\",\"url\":\"https:\\\/\\\/www.firstaudit.de\\\/blog\\\/wp-content\\\/uploads\\\/2019\\\/04\\\/firstaudit_favicon_144x144.png\",\"contentUrl\":\"https:\\\/\\\/www.firstaudit.de\\\/blog\\\/wp-content\\\/uploads\\\/2019\\\/04\\\/firstaudit_favicon_144x144.png\",\"width\":144,\"height\":144,\"caption\":\"firstaudit - Digitale Checklisten und Dokumentationen\"},\"image\":{\"@id\":\"https:\\\/\\\/www.firstaudit.de\\\/blog\\\/#\\\/schema\\\/logo\\\/image\\\/\"},\"sameAs\":[\"https:\\\/\\\/www.facebook.com\\\/firstauditchecklist\\\/\"]},{\"@type\":\"Person\",\"@id\":\"https:\\\/\\\/www.firstaudit.de\\\/blog\\\/#\\\/schema\\\/person\\\/4db408c6a09cb495bd94cd9091399b82\",\"name\":\"Arne Reis\",\"image\":{\"@type\":\"ImageObject\",\"inLanguage\":\"de\",\"@id\":\"https:\\\/\\\/secure.gravatar.com\\\/avatar\\\/c4bef4065a8d3a8c90ef072fc15384f76adfd3db7c8a1dda60c10ae1941a2585?s=96&d=mm&r=g\",\"url\":\"https:\\\/\\\/secure.gravatar.com\\\/avatar\\\/c4bef4065a8d3a8c90ef072fc15384f76adfd3db7c8a1dda60c10ae1941a2585?s=96&d=mm&r=g\",\"contentUrl\":\"https:\\\/\\\/secure.gravatar.com\\\/avatar\\\/c4bef4065a8d3a8c90ef072fc15384f76adfd3db7c8a1dda60c10ae1941a2585?s=96&d=mm&r=g\",\"caption\":\"Arne Reis\"},\"description\":\"Arne Reis ist Gr\u00fcnder von firstaudit und flowdit sowie Gesch\u00e4ftsf\u00fchrer der reinstil GmbH &amp; Co. KG in Mainz. Mit \u00fcber 15 Jahren Erfahrung in der individuellen Softwareentwicklung f\u00fcr Industrieunternehmen kennt er die Digitalisierungsherausforderungen produzierender Betriebe aus erster Hand. Kunden wie ADAC, SPRELA, NTT und f\u00fchrende Pharmakonzerne vertrauen auf seine L\u00f6sungen.\",\"sameAs\":[\"https:\\\/\\\/www.digitalagentur-mainz.de\",\"https:\\\/\\\/www.linkedin.com\\\/in\\\/arnereis\\\/\"],\"url\":\"https:\\\/\\\/www.firstaudit.de\\\/blog\\\/author\\\/reinstil-admin\\\/\"}]}<\/script>\n<!-- \/ Yoast SEO plugin. -->","yoast_head_json":{"title":"firstaudit in der Pflegevisite - Digitalisierung","description":"Die Pflegevisite ist ein wichtiges Instrument f\u00fcr das Qualit\u00e4tsmanagement in Altenheimen. Wie kann die App firstaudit dabei helfen?","robots":{"index":"index","follow":"follow","max-snippet":"max-snippet:-1","max-image-preview":"max-image-preview:large","max-video-preview":"max-video-preview:-1"},"canonical":"https:\/\/www.firstaudit.de\/blog\/case-studies\/firstaudit-in-der-pflegevisite\/","og_locale":"de_DE","og_type":"article","og_title":"firstaudit in der Pflegevisite - Digitalisierung","og_description":"In Altenheimen leben pflegebed\u00fcrftige Menschen, die von den Fachkr\u00e4ften individuell betreut werden. W\u00e4hrend einer Pflegevisite werden in regelm\u00e4\u00dfigen Abst\u00e4nden der gesundheitliche Zustand der Bewohner \u00fcberpr\u00fcft sowie Pflegerisiken ermittelt. Wie kann die App firstaudit dabei helfen?","og_url":"https:\/\/www.firstaudit.de\/blog\/case-studies\/firstaudit-in-der-pflegevisite\/","og_site_name":"Digitalisierung","article_publisher":"https:\/\/www.facebook.com\/firstauditchecklist\/","article_published_time":"2019-06-13T09:49:41+00:00","article_modified_time":"2026-03-24T13:08:29+00:00","og_image":[{"width":2000,"height":550,"url":"https:\/\/www.firstaudit.de\/blog\/wp-content\/uploads\/2019\/06\/fa_Pfelgevisite.png","type":"image\/png"}],"author":"Arne Reis","twitter_card":"summary_large_image","twitter_description":"In Altenheimen leben pflegebed\u00fcrftige Menschen, die von den Fachkr\u00e4ften individuell betreut werden. W\u00e4hrend einer Pflegevisite werden in regelm\u00e4\u00dfigen Abst\u00e4nden der gesundheitliche Zustand der Bewohner \u00fcberpr\u00fcft sowie Pflegerisiken ermittelt. Wie kann die App firstaudit dabei helfen?","twitter_misc":{"Verfasst von":"Arne Reis","Gesch\u00e4tzte Lesezeit":"3\u00a0Minuten"},"schema":{"@context":"https:\/\/schema.org","@graph":[{"@type":"Article","@id":"https:\/\/www.firstaudit.de\/blog\/case-studies\/firstaudit-in-der-pflegevisite\/#article","isPartOf":{"@id":"https:\/\/www.firstaudit.de\/blog\/case-studies\/firstaudit-in-der-pflegevisite\/"},"author":{"name":"Arne Reis","@id":"https:\/\/www.firstaudit.de\/blog\/#\/schema\/person\/4db408c6a09cb495bd94cd9091399b82"},"headline":"firstaudit in der Pflegevisite","datePublished":"2019-06-13T09:49:41+00:00","dateModified":"2026-03-24T13:08:29+00:00","mainEntityOfPage":{"@id":"https:\/\/www.firstaudit.de\/blog\/case-studies\/firstaudit-in-der-pflegevisite\/"},"wordCount":2170,"publisher":{"@id":"https:\/\/www.firstaudit.de\/blog\/#organization"},"image":{"@id":"https:\/\/www.firstaudit.de\/blog\/case-studies\/firstaudit-in-der-pflegevisite\/#primaryimage"},"thumbnailUrl":"https:\/\/www.firstaudit.de\/blog\/wp-content\/uploads\/2019\/06\/fa_Pfelgevisite.png","keywords":["Digitalisierung","Dokumentation","firstaudit","Pflegevisite","Qualit\u00e4tskontrolle. Checklisten","Transformation"],"articleSection":["Case Studies"],"inLanguage":"de"},{"@type":"WebPage","@id":"https:\/\/www.firstaudit.de\/blog\/case-studies\/firstaudit-in-der-pflegevisite\/","url":"https:\/\/www.firstaudit.de\/blog\/case-studies\/firstaudit-in-der-pflegevisite\/","name":"firstaudit in der Pflegevisite - Digitalisierung","isPartOf":{"@id":"https:\/\/www.firstaudit.de\/blog\/#website"},"primaryImageOfPage":{"@id":"https:\/\/www.firstaudit.de\/blog\/case-studies\/firstaudit-in-der-pflegevisite\/#primaryimage"},"image":{"@id":"https:\/\/www.firstaudit.de\/blog\/case-studies\/firstaudit-in-der-pflegevisite\/#primaryimage"},"thumbnailUrl":"https:\/\/www.firstaudit.de\/blog\/wp-content\/uploads\/2019\/06\/fa_Pfelgevisite.png","datePublished":"2019-06-13T09:49:41+00:00","dateModified":"2026-03-24T13:08:29+00:00","description":"Die Pflegevisite ist ein wichtiges Instrument f\u00fcr das Qualit\u00e4tsmanagement in Altenheimen. Wie kann die App firstaudit dabei helfen?","inLanguage":"de","potentialAction":[{"@type":"ReadAction","target":["https:\/\/www.firstaudit.de\/blog\/case-studies\/firstaudit-in-der-pflegevisite\/"]}]},{"@type":"ImageObject","inLanguage":"de","@id":"https:\/\/www.firstaudit.de\/blog\/case-studies\/firstaudit-in-der-pflegevisite\/#primaryimage","url":"https:\/\/www.firstaudit.de\/blog\/wp-content\/uploads\/2019\/06\/fa_Pfelgevisite.png","contentUrl":"https:\/\/www.firstaudit.de\/blog\/wp-content\/uploads\/2019\/06\/fa_Pfelgevisite.png","width":2000,"height":550,"caption":"firstaudit in der Pflegevisite"},{"@type":"WebSite","@id":"https:\/\/www.firstaudit.de\/blog\/#website","url":"https:\/\/www.firstaudit.de\/blog\/","name":"firstaudit - digitale Checklisten & Protokolle","description":"Blog f\u00fcr digitale Transformation","publisher":{"@id":"https:\/\/www.firstaudit.de\/blog\/#organization"},"potentialAction":[{"@type":"SearchAction","target":{"@type":"EntryPoint","urlTemplate":"https:\/\/www.firstaudit.de\/blog\/?s={search_term_string}"},"query-input":{"@type":"PropertyValueSpecification","valueRequired":true,"valueName":"search_term_string"}}],"inLanguage":"de"},{"@type":"Organization","@id":"https:\/\/www.firstaudit.de\/blog\/#organization","name":"firstaudit - Digitale Checklisten und Dokumentationen","url":"https:\/\/www.firstaudit.de\/blog\/","logo":{"@type":"ImageObject","inLanguage":"de","@id":"https:\/\/www.firstaudit.de\/blog\/#\/schema\/logo\/image\/","url":"https:\/\/www.firstaudit.de\/blog\/wp-content\/uploads\/2019\/04\/firstaudit_favicon_144x144.png","contentUrl":"https:\/\/www.firstaudit.de\/blog\/wp-content\/uploads\/2019\/04\/firstaudit_favicon_144x144.png","width":144,"height":144,"caption":"firstaudit - Digitale Checklisten und Dokumentationen"},"image":{"@id":"https:\/\/www.firstaudit.de\/blog\/#\/schema\/logo\/image\/"},"sameAs":["https:\/\/www.facebook.com\/firstauditchecklist\/"]},{"@type":"Person","@id":"https:\/\/www.firstaudit.de\/blog\/#\/schema\/person\/4db408c6a09cb495bd94cd9091399b82","name":"Arne Reis","image":{"@type":"ImageObject","inLanguage":"de","@id":"https:\/\/secure.gravatar.com\/avatar\/c4bef4065a8d3a8c90ef072fc15384f76adfd3db7c8a1dda60c10ae1941a2585?s=96&d=mm&r=g","url":"https:\/\/secure.gravatar.com\/avatar\/c4bef4065a8d3a8c90ef072fc15384f76adfd3db7c8a1dda60c10ae1941a2585?s=96&d=mm&r=g","contentUrl":"https:\/\/secure.gravatar.com\/avatar\/c4bef4065a8d3a8c90ef072fc15384f76adfd3db7c8a1dda60c10ae1941a2585?s=96&d=mm&r=g","caption":"Arne Reis"},"description":"Arne Reis ist Gr\u00fcnder von firstaudit und flowdit sowie Gesch\u00e4ftsf\u00fchrer der reinstil GmbH &amp; Co. KG in Mainz. Mit \u00fcber 15 Jahren Erfahrung in der individuellen Softwareentwicklung f\u00fcr Industrieunternehmen kennt er die Digitalisierungsherausforderungen produzierender Betriebe aus erster Hand. Kunden wie ADAC, SPRELA, NTT und f\u00fchrende Pharmakonzerne vertrauen auf seine L\u00f6sungen.","sameAs":["https:\/\/www.digitalagentur-mainz.de","https:\/\/www.linkedin.com\/in\/arnereis\/"],"url":"https:\/\/www.firstaudit.de\/blog\/author\/reinstil-admin\/"}]}},"_links":{"self":[{"href":"https:\/\/www.firstaudit.de\/blog\/wp-json\/wp\/v2\/posts\/1183","targetHints":{"allow":["GET"]}}],"collection":[{"href":"https:\/\/www.firstaudit.de\/blog\/wp-json\/wp\/v2\/posts"}],"about":[{"href":"https:\/\/www.firstaudit.de\/blog\/wp-json\/wp\/v2\/types\/post"}],"author":[{"embeddable":true,"href":"https:\/\/www.firstaudit.de\/blog\/wp-json\/wp\/v2\/users\/10"}],"replies":[{"embeddable":true,"href":"https:\/\/www.firstaudit.de\/blog\/wp-json\/wp\/v2\/comments?post=1183"}],"version-history":[{"count":3,"href":"https:\/\/www.firstaudit.de\/blog\/wp-json\/wp\/v2\/posts\/1183\/revisions"}],"predecessor-version":[{"id":21038,"href":"https:\/\/www.firstaudit.de\/blog\/wp-json\/wp\/v2\/posts\/1183\/revisions\/21038"}],"wp:featuredmedia":[{"embeddable":true,"href":"https:\/\/www.firstaudit.de\/blog\/wp-json\/wp\/v2\/media\/1185"}],"wp:attachment":[{"href":"https:\/\/www.firstaudit.de\/blog\/wp-json\/wp\/v2\/media?parent=1183"}],"wp:term":[{"taxonomy":"category","embeddable":true,"href":"https:\/\/www.firstaudit.de\/blog\/wp-json\/wp\/v2\/categories?post=1183"},{"taxonomy":"post_tag","embeddable":true,"href":"https:\/\/www.firstaudit.de\/blog\/wp-json\/wp\/v2\/tags?post=1183"}],"curies":[{"name":"wp","href":"https:\/\/api.w.org\/{rel}","templated":true}]}}