{"id":1139,"date":"2019-05-20T16:19:45","date_gmt":"2019-05-20T14:19:45","guid":{"rendered":"https:\/\/www.firstaudit.de\/blog\/?p=1139"},"modified":"2026-03-03T08:53:34","modified_gmt":"2026-03-03T07:53:34","slug":"firstaudit-massgeschneidert-angewandt","status":"publish","type":"post","link":"https:\/\/www.firstaudit.de\/blog\/case-studies\/firstaudit-massgeschneidert-angewandt\/","title":{"rendered":"firstaudit ma\u00dfgeschneidert angewandt"},"content":{"rendered":"<p><div class=\"fusion-fullwidth fullwidth-box fusion-builder-row-1 hundred-percent-fullwidth non-hundred-percent-height-scrolling\" style=\"--awb-border-radius-top-left:0px;--awb-border-radius-top-right:0px;--awb-border-radius-bottom-right:0px;--awb-border-radius-bottom-left:0px;--awb-padding-right:0px;--awb-padding-left:0px;--awb-flex-wrap:wrap;\" ><div class=\"fusion-builder-row fusion-row\"><div class=\"fusion-layout-column fusion_builder_column fusion-builder-column-0 fusion_builder_column_1_1 1_1 fusion-one-full fusion-column-first fusion-column-last\" style=\"--awb-bg-size:cover;\"><div class=\"fusion-column-wrapper fusion-flex-column-wrapper-legacy\"><div class=\"fusion-image-element in-legacy-container\" style=\"--awb-caption-title-font-family:var(--h2_typography-font-family);--awb-caption-title-font-weight:var(--h2_typography-font-weight);--awb-caption-title-font-style:var(--h2_typography-font-style);--awb-caption-title-size:var(--h2_typography-font-size);--awb-caption-title-transform:var(--h2_typography-text-transform);--awb-caption-title-line-height:var(--h2_typography-line-height);--awb-caption-title-letter-spacing:var(--h2_typography-letter-spacing);\"><span class=\" fusion-imageframe imageframe-none imageframe-1 hover-type-none\"><img decoding=\"async\" width=\"2000\" height=\"500\" alt=\"firstaudit ma\u00dfgeschneidert angewandt\" title=\"fa_BestPractice_ADAC\" src=\"\/blog\/wp-content\/uploads\/2019\/05\/20181115_best_practice_Ansicht1.jpg\" class=\"img-responsive wp-image-1162\" srcset=\"https:\/\/www.firstaudit.de\/blog\/wp-content\/uploads\/2019\/05\/20181115_best_practice_Ansicht1-200x50.jpg 200w, https:\/\/www.firstaudit.de\/blog\/wp-content\/uploads\/2019\/05\/20181115_best_practice_Ansicht1-400x100.jpg 400w, https:\/\/www.firstaudit.de\/blog\/wp-content\/uploads\/2019\/05\/20181115_best_practice_Ansicht1-600x150.jpg 600w, https:\/\/www.firstaudit.de\/blog\/wp-content\/uploads\/2019\/05\/20181115_best_practice_Ansicht1-800x200.jpg 800w, https:\/\/www.firstaudit.de\/blog\/wp-content\/uploads\/2019\/05\/20181115_best_practice_Ansicht1-1200x300.jpg 1200w, https:\/\/www.firstaudit.de\/blog\/wp-content\/uploads\/2019\/05\/20181115_best_practice_Ansicht1.jpg 2000w\" sizes=\"(max-width: 800px) 100vw, 2000px\" \/><\/span><\/div><div class=\"fusion-clearfix\"><\/div><\/div><\/div><\/div><\/div><div class=\"fusion-fullwidth fullwidth-box fusion-builder-row-2 nonhundred-percent-fullwidth non-hundred-percent-height-scrolling\" style=\"--awb-border-radius-top-left:0px;--awb-border-radius-top-right:0px;--awb-border-radius-bottom-right:0px;--awb-border-radius-bottom-left:0px;--awb-flex-wrap:wrap;\" ><div class=\"fusion-builder-row fusion-row\"><div class=\"fusion-layout-column fusion_builder_column fusion-builder-column-1 fusion_builder_column_1_1 1_1 fusion-one-full fusion-column-first fusion-column-last\" style=\"--awb-bg-size:cover;\"><div class=\"fusion-column-wrapper fusion-flex-column-wrapper-legacy\"><div class=\"fusion-title title fusion-title-1 fusion-sep-none fusion-title-text fusion-title-size-one\" style=\"--awb-margin-top:5%;--awb-margin-bottom:3%;--awb-margin-top-small:0px;--awb-margin-right-small:0px;--awb-margin-bottom-small:20px;--awb-margin-left-small:0px;\"><h1 class=\"fusion-title-heading title-heading-left fusion-responsive-typography-calculated\" style=\"margin:0;--fontSize:40;line-height:1.13;\">firstaudit beim ADAC ma\u00dfgeschneidert angewandt<\/h1><\/div><div class=\"fusion-builder-row fusion-builder-row-inner fusion-row\"><div class=\"fusion-layout-column fusion_builder_column_inner fusion-builder-nested-column-0 fusion_builder_column_inner_3_4 3_4 fusion-three-fourth fusion-column-first\" style=\"--awb-bg-size:cover;width:75%;width:calc(75% - ( ( 4% ) * 0.75 ) );margin-right: 4%;\"><div class=\"fusion-column-wrapper fusion-column-has-shadow fusion-flex-column-wrapper-legacy\"><div class=\"fusion-text fusion-text-1\"><p><strong>ADAC kennt jeder &#8211; aber nicht alles vom ADAC<\/strong><\/p>\n<p>Der ADAC ist einer der f\u00fchrenden Mobilit\u00e4tsdienstleister in Deutschland und vertritt die Interessen seiner \u00fcber 20 Millionen Mitglieder als Helfer, Sicherer und Lotse in zahlreichen Mobilit\u00e4ts- und Verkehrssicherheitsfragen.<\/p>\n<p>Der ADAC bietet seinen Mitgliedern und auch Nichtmitgliedern ein modernes Portfolio lokal, regional, national und teilweise international an. Dies als Verbrauchersch\u00fctzer, als Meinungsf\u00fchrer zu aktuellen Mobilit\u00e4tsthemen, bei der Freizeit- und Urlaubsplanung, durch Verkehrssicherheitsprogramme, Fahrsicherheitstrainings und umfassende Verlagsprodukte sowie digitale Angebote wie das ADAC Reiseportal und zahlreiche Apps.<span class=\"Apple-converted-space\">\u00a0<\/span><\/p>\n<p>Eine ganze Menge also: face to face in ADAC Gesch\u00e4ftsstellen und Reiseb\u00fcros, in traditionellen Medien, crossmedial und rein digital.<span class=\"Apple-converted-space\">\u00a0<\/span><\/p>\n<\/div><div class=\"fusion-clearfix\"><\/div><\/div><\/div><div class=\"fusion-layout-column fusion_builder_column_inner fusion-builder-nested-column-1 fusion_builder_column_inner_1_4 1_4 fusion-one-fourth fusion-column-last\" style=\"--awb-bg-size:cover;width:25%;width:calc(25% - ( ( 4% ) * 0.25 ) );\"><div class=\"fusion-column-wrapper fusion-column-has-shadow fusion-flex-column-wrapper-legacy\"><div class=\"fusion-image-element in-legacy-container\" style=\"--awb-caption-title-font-family:var(--h2_typography-font-family);--awb-caption-title-font-weight:var(--h2_typography-font-weight);--awb-caption-title-font-style:var(--h2_typography-font-style);--awb-caption-title-size:var(--h2_typography-font-size);--awb-caption-title-transform:var(--h2_typography-text-transform);--awb-caption-title-line-height:var(--h2_typography-line-height);--awb-caption-title-letter-spacing:var(--h2_typography-letter-spacing);\"><span class=\" fusion-imageframe imageframe-none imageframe-2 hover-type-none\"><img decoding=\"async\" width=\"182\" height=\"300\" alt=\"Thomas Voigtl\u00e4nder, Leiter des Qualit\u00e4tsmanagment des ADAC Hessen-Th\u00fcringen\" title=\"fa_adac_Voigtl\u00e4nder\" src=\"\/blog\/wp-content\/uploads\/2019\/05\/Bildschirmfoto-2019-05-20-um-15.08.09-182x300.png\" class=\"img-responsive wp-image-1146\" srcset=\"https:\/\/www.firstaudit.de\/blog\/wp-content\/uploads\/2019\/05\/Bildschirmfoto-2019-05-20-um-15.08.09-200x329.png 200w, https:\/\/www.firstaudit.de\/blog\/wp-content\/uploads\/2019\/05\/Bildschirmfoto-2019-05-20-um-15.08.09-400x659.png 400w, https:\/\/www.firstaudit.de\/blog\/wp-content\/uploads\/2019\/05\/Bildschirmfoto-2019-05-20-um-15.08.09.png 402w\" sizes=\"(max-width: 800px) 100vw, 400px\" \/><\/span><\/div><div class=\"fusion-clearfix\"><\/div><\/div><\/div><\/div><div class=\"fusion-text fusion-text-2\"><p><span style=\"color: #7dcae4;\">Und was ist Ihre Aufgabe in diesem gro\u00dfen Netzwerk?<\/span><\/p>\n<p>Als Qualit\u00e4tsmanager ist es meine Aufgabe Prozesse zu erarbeiten, nachhaltig zu etablieren und kontinuierlich zu verbessern um die Leistungserbringung und das Erlebnis aus Kundensicht zu optimieren.<\/p>\n<\/div><div class=\"fusion-title title fusion-title-2 fusion-sep-none fusion-title-text fusion-title-size-two\" style=\"--awb-margin-top:5%;--awb-margin-bottom:3%;--awb-margin-top-small:0px;--awb-margin-right-small:0px;--awb-margin-bottom-small:20px;--awb-margin-left-small:0px;\"><h2 class=\"fusion-title-heading title-heading-left fusion-responsive-typography-calculated\" style=\"margin:0;--fontSize:24;line-height:var(--awb-typography2-line-height);\">Die Herausforderung<\/h2><\/div><div class=\"fusion-text fusion-text-3\"><p><span style=\"color: #7dcae4;\">Warum waren Sie auf der Suche nach einer App in Sachen digitaler Checkliste und Auditierung.<span class=\"Apple-converted-space\">\u00a0<\/span><\/span><\/p>\n<p>Unser bisheriger Anbieter f\u00fcr eine digitale Auditierung unserer Filialen hatte den Betrieb der App eingestellt.<\/p>\n<p><span style=\"color: #7dcae4;\">Was waren Ihre An- und Herausforderungen?<span class=\"Apple-converted-space\">\u00a0<\/span><\/span><\/p>\n<p>Um unser Auditkonzept aufrecht zu erhalten, war es notwendig einen neuen Dienstleister zu suchen. Wichtig waren uns dabei, ein etabliertes Produkt zu finden, dass sich leicht bedienen und pflegen l\u00e4sst und auf unsere Anforderungen passt.<\/p>\n<p><span style=\"color: #7dcae4;\">Und dann haben Sie getan, was man in solchen F\u00e4llen tut?<\/span><\/p>\n<p>Ja richtig: Ausschreibung und Pr\u00e4sentation mit mehreren potentiellen Dienstleistern.<\/p>\n<\/div><div class=\"fusion-title title fusion-title-3 fusion-sep-none fusion-title-rotating fusion-animate-once fusion-title-bounceIn fusion-title-size-two\" style=\"--awb-margin-top-small:0px;--awb-margin-right-small:0px;--awb-margin-bottom-small:20px;--awb-margin-left-small:0px;\"><h2 class=\"fusion-title-heading title-heading-left fusion-responsive-typography-calculated\" style=\"margin:0;--fontSize:24;line-height:var(--awb-typography2-line-height);\"><span class=\"fusion-animated-text-prefix\"><\/span>  <span class=\"fusion-animated-text-postfix\"><\/span><\/h2><\/div><div class=\"fusion-text fusion-text-4\"><p><span style=\"color: #7dcae4;\">Wie sind Sie auf firstaudit gesto\u00dfen?<\/span><\/p>\n<p>Online gesucht, online gefunden.<\/p>\n<p><span style=\"color: #7dcae4;\">Sie haben sich f\u00fcr firstaudit entschieden. Inwieweit unterst\u00fctzt firstaudit sie bei Ihrer Aufgabe?<\/span><\/p>\n<p>Firstaudit bietet ein unkompliziertes auf unsere Anforderung passendes Produkt und ist f\u00fcr unsere Auditoren noch einfacher zu bedienen als das vorher genutzte Produkt<\/p>\n<p><span style=\"color: #7dcae4;\">Wo und wie setzen Sie firstaudit ein?<\/span><\/p>\n<p>Wir haben firstaudit im Rahmen der Auditierung unserer Filialen im Einsatz. Wir erfassen mit firstaudit die Ergebnisse unserer Pr\u00fcfung und nutzen die Auswertungen aus dem Backend in unserem kontinuierlichen Verbesserungsprozess.<\/p>\n<\/div><div class=\"fusion-title title fusion-title-4 fusion-title-text fusion-title-size-two\" style=\"--awb-margin-top-small:0px;--awb-margin-right-small:0px;--awb-margin-bottom-small:20px;--awb-margin-left-small:0px;\"><h2 class=\"fusion-title-heading title-heading-left fusion-responsive-typography-calculated\" style=\"margin:0;--fontSize:24;line-height:var(--awb-typography2-line-height);\">Das Ergebnis<\/h2><span class=\"awb-title-spacer\"><\/span><div class=\"title-sep-container\"><div class=\"title-sep sep- sep-solid\" style=\"border-color:#eaeaea;\"><\/div><\/div><\/div><div class=\"fusion-text fusion-text-5\"><p><span style=\"color: #7dcae4;\">Was hat sich im Ergebnis durch firstaudit verbessert?<\/span><\/p>\n<p>Der Einsatz von firstaudit hilft uns dabei Prozesse in unseren Filialen zu etablieren, zu tracken und zu verbessern. Wir k\u00f6nnen die Entwicklung einzelner Themen verfolgen und Ver\u00e4nderungen direkt erkennen und darauf reagieren.<\/p>\n<p><span style=\"color: #7dcae4;\">Zum Abschluss bitte noch ein Zitat: formulieren Sie doch mal in einem Satz, warum firstaudit f\u00fcr Sie und Ihr Unternehmen von gro\u00dfem Vorteil ist.<\/span><\/p>\n<p>Firstaudit erm\u00f6glicht es uns, die messbare Qualit\u00e4t unserer Dienstleistung in den Filialen jederzeit sichtbar zu machen und permanent zu optimieren \u2013 generell aber auch im Einzelfall.<\/p>\n<\/div><div class=\"fusion-clearfix\"><\/div><\/div><\/div><\/div><\/div><div class=\"fusion-fullwidth fullwidth-box fusion-builder-row-3 nonhundred-percent-fullwidth non-hundred-percent-height-scrolling sources\" style=\"--awb-border-radius-top-left:0px;--awb-border-radius-top-right:0px;--awb-border-radius-bottom-right:0px;--awb-border-radius-bottom-left:0px;--awb-flex-wrap:wrap;\" ><div class=\"fusion-builder-row fusion-row\"><div class=\"fusion-layout-column fusion_builder_column fusion-builder-column-2 fusion_builder_column_1_1 1_1 fusion-one-full fusion-column-first fusion-column-last\" style=\"--awb-bg-size:cover;\"><div class=\"fusion-column-wrapper fusion-column-has-shadow fusion-flex-column-wrapper-legacy\"><div class=\"fusion-clearfix\"><\/div><\/div><\/div><\/div><\/div><\/p>\n","protected":false},"excerpt":{"rendered":"","protected":false},"author":10,"featured_media":1143,"comment_status":"closed","ping_status":"open","sticky":false,"template":"","format":"standard","meta":{"footnotes":""},"categories":[54],"tags":[106,107,108],"class_list":["post-1139","post","type-post","status-publish","format-standard","has-post-thumbnail","hentry","category-case-studies","tag-adac","tag-case-study","tag-first-audit"],"yoast_head":"<!-- This site is optimized with the Yoast SEO plugin v27.5 - https:\/\/yoast.com\/product\/yoast-seo-wordpress\/ -->\n<title>firstaudit ma\u00dfgeschneidert angewandt - Digitalisierung<\/title>\n<meta name=\"description\" content=\"Der ADAC setzt auf firstaudit, das digitale Pr\u00fcfungs und Dokumentationssystem f\u00fcr die Bewertung von Objekten und Stores in Deutschland\" \/>\n<meta name=\"robots\" content=\"index, follow, max-snippet:-1, max-image-preview:large, max-video-preview:-1\" \/>\n<link rel=\"canonical\" href=\"https:\/\/www.firstaudit.de\/blog\/case-studies\/firstaudit-massgeschneidert-angewandt\/\" \/>\n<meta property=\"og:locale\" content=\"de_DE\" \/>\n<meta property=\"og:type\" content=\"article\" \/>\n<meta property=\"og:title\" content=\"firstaudit ma\u00dfgeschneidert angewandt - Digitalisierung\" \/>\n<meta property=\"og:description\" content=\"Der ADAC unterst\u00fctzt als einer der f\u00fchrenden Mobilit\u00e4tsdienstleister \u00fcber 20 Millionen Mitglieder und first audit unterst\u00fctzt den ADAC bei dieser Aufgabe. Die Case Study zeigt, wie first audit ma\u00dfgeschneidert eingesetzt werden kann.\" \/>\n<meta property=\"og:url\" content=\"https:\/\/www.firstaudit.de\/blog\/case-studies\/firstaudit-massgeschneidert-angewandt\/\" \/>\n<meta property=\"og:site_name\" content=\"Digitalisierung\" \/>\n<meta property=\"article:publisher\" content=\"https:\/\/www.facebook.com\/firstauditchecklist\/\" \/>\n<meta property=\"article:published_time\" content=\"2019-05-20T14:19:45+00:00\" \/>\n<meta property=\"article:modified_time\" content=\"2026-03-03T07:53:34+00:00\" \/>\n<meta property=\"og:image\" content=\"https:\/\/www.firstaudit.de\/blog\/wp-content\/uploads\/2019\/05\/20181115_ADAC-1.jpeg\" \/>\n\t<meta property=\"og:image:width\" content=\"641\" \/>\n\t<meta property=\"og:image:height\" content=\"404\" \/>\n\t<meta property=\"og:image:type\" content=\"image\/jpeg\" \/>\n<meta name=\"author\" content=\"Arne Reis\" \/>\n<meta name=\"twitter:card\" content=\"summary_large_image\" \/>\n<meta name=\"twitter:description\" content=\"Der ADAC unterst\u00fctzt als einer der f\u00fchrenden Mobilit\u00e4tsdienstleister \u00fcber 20 Millionen Mitglieder und first audit unterst\u00fctzt den ADAC bei dieser Aufgabe. Die Case Study zeigt, wie first audit ma\u00dfgeschneidert eingesetzt werden kann.\" \/>\n<meta name=\"twitter:label1\" content=\"Verfasst von\" \/>\n\t<meta name=\"twitter:data1\" content=\"Arne Reis\" \/>\n\t<meta name=\"twitter:label2\" content=\"Gesch\u00e4tzte Lesezeit\" \/>\n\t<meta name=\"twitter:data2\" content=\"10\u00a0Minuten\" \/>\n<script type=\"application\/ld+json\" class=\"yoast-schema-graph\">{\"@context\":\"https:\\\/\\\/schema.org\",\"@graph\":[{\"@type\":\"Article\",\"@id\":\"https:\\\/\\\/www.firstaudit.de\\\/blog\\\/case-studies\\\/firstaudit-massgeschneidert-angewandt\\\/#article\",\"isPartOf\":{\"@id\":\"https:\\\/\\\/www.firstaudit.de\\\/blog\\\/case-studies\\\/firstaudit-massgeschneidert-angewandt\\\/\"},\"author\":{\"name\":\"Arne Reis\",\"@id\":\"https:\\\/\\\/www.firstaudit.de\\\/blog\\\/#\\\/schema\\\/person\\\/4db408c6a09cb495bd94cd9091399b82\"},\"headline\":\"firstaudit ma\u00dfgeschneidert angewandt\",\"datePublished\":\"2019-05-20T14:19:45+00:00\",\"dateModified\":\"2026-03-03T07:53:34+00:00\",\"mainEntityOfPage\":{\"@id\":\"https:\\\/\\\/www.firstaudit.de\\\/blog\\\/case-studies\\\/firstaudit-massgeschneidert-angewandt\\\/\"},\"wordCount\":2057,\"publisher\":{\"@id\":\"https:\\\/\\\/www.firstaudit.de\\\/blog\\\/#organization\"},\"image\":{\"@id\":\"https:\\\/\\\/www.firstaudit.de\\\/blog\\\/case-studies\\\/firstaudit-massgeschneidert-angewandt\\\/#primaryimage\"},\"thumbnailUrl\":\"https:\\\/\\\/www.firstaudit.de\\\/blog\\\/wp-content\\\/uploads\\\/2019\\\/05\\\/20181115_ADAC-1.jpeg\",\"keywords\":[\"ADAC\",\"Case study\",\"first audit\"],\"articleSection\":[\"Case Studies\"],\"inLanguage\":\"de\"},{\"@type\":\"WebPage\",\"@id\":\"https:\\\/\\\/www.firstaudit.de\\\/blog\\\/case-studies\\\/firstaudit-massgeschneidert-angewandt\\\/\",\"url\":\"https:\\\/\\\/www.firstaudit.de\\\/blog\\\/case-studies\\\/firstaudit-massgeschneidert-angewandt\\\/\",\"name\":\"firstaudit ma\u00dfgeschneidert angewandt - Digitalisierung\",\"isPartOf\":{\"@id\":\"https:\\\/\\\/www.firstaudit.de\\\/blog\\\/#website\"},\"primaryImageOfPage\":{\"@id\":\"https:\\\/\\\/www.firstaudit.de\\\/blog\\\/case-studies\\\/firstaudit-massgeschneidert-angewandt\\\/#primaryimage\"},\"image\":{\"@id\":\"https:\\\/\\\/www.firstaudit.de\\\/blog\\\/case-studies\\\/firstaudit-massgeschneidert-angewandt\\\/#primaryimage\"},\"thumbnailUrl\":\"https:\\\/\\\/www.firstaudit.de\\\/blog\\\/wp-content\\\/uploads\\\/2019\\\/05\\\/20181115_ADAC-1.jpeg\",\"datePublished\":\"2019-05-20T14:19:45+00:00\",\"dateModified\":\"2026-03-03T07:53:34+00:00\",\"description\":\"Der ADAC setzt auf firstaudit, das digitale Pr\u00fcfungs und Dokumentationssystem f\u00fcr die Bewertung von Objekten und Stores in Deutschland\",\"inLanguage\":\"de\",\"potentialAction\":[{\"@type\":\"ReadAction\",\"target\":[\"https:\\\/\\\/www.firstaudit.de\\\/blog\\\/case-studies\\\/firstaudit-massgeschneidert-angewandt\\\/\"]}]},{\"@type\":\"ImageObject\",\"inLanguage\":\"de\",\"@id\":\"https:\\\/\\\/www.firstaudit.de\\\/blog\\\/case-studies\\\/firstaudit-massgeschneidert-angewandt\\\/#primaryimage\",\"url\":\"https:\\\/\\\/www.firstaudit.de\\\/blog\\\/wp-content\\\/uploads\\\/2019\\\/05\\\/20181115_ADAC-1.jpeg\",\"contentUrl\":\"https:\\\/\\\/www.firstaudit.de\\\/blog\\\/wp-content\\\/uploads\\\/2019\\\/05\\\/20181115_ADAC-1.jpeg\",\"width\":641,\"height\":404,\"caption\":\"firstaudit ma\u00dfgeschneidert angewandt\"},{\"@type\":\"WebSite\",\"@id\":\"https:\\\/\\\/www.firstaudit.de\\\/blog\\\/#website\",\"url\":\"https:\\\/\\\/www.firstaudit.de\\\/blog\\\/\",\"name\":\"firstaudit - digitale Checklisten & Protokolle\",\"description\":\"Blog f\u00fcr digitale Transformation\",\"publisher\":{\"@id\":\"https:\\\/\\\/www.firstaudit.de\\\/blog\\\/#organization\"},\"potentialAction\":[{\"@type\":\"SearchAction\",\"target\":{\"@type\":\"EntryPoint\",\"urlTemplate\":\"https:\\\/\\\/www.firstaudit.de\\\/blog\\\/?s={search_term_string}\"},\"query-input\":{\"@type\":\"PropertyValueSpecification\",\"valueRequired\":true,\"valueName\":\"search_term_string\"}}],\"inLanguage\":\"de\"},{\"@type\":\"Organization\",\"@id\":\"https:\\\/\\\/www.firstaudit.de\\\/blog\\\/#organization\",\"name\":\"firstaudit - Digitale Checklisten und Dokumentationen\",\"url\":\"https:\\\/\\\/www.firstaudit.de\\\/blog\\\/\",\"logo\":{\"@type\":\"ImageObject\",\"inLanguage\":\"de\",\"@id\":\"https:\\\/\\\/www.firstaudit.de\\\/blog\\\/#\\\/schema\\\/logo\\\/image\\\/\",\"url\":\"https:\\\/\\\/www.firstaudit.de\\\/blog\\\/wp-content\\\/uploads\\\/2019\\\/04\\\/firstaudit_favicon_144x144.png\",\"contentUrl\":\"https:\\\/\\\/www.firstaudit.de\\\/blog\\\/wp-content\\\/uploads\\\/2019\\\/04\\\/firstaudit_favicon_144x144.png\",\"width\":144,\"height\":144,\"caption\":\"firstaudit - Digitale Checklisten und Dokumentationen\"},\"image\":{\"@id\":\"https:\\\/\\\/www.firstaudit.de\\\/blog\\\/#\\\/schema\\\/logo\\\/image\\\/\"},\"sameAs\":[\"https:\\\/\\\/www.facebook.com\\\/firstauditchecklist\\\/\"]},{\"@type\":\"Person\",\"@id\":\"https:\\\/\\\/www.firstaudit.de\\\/blog\\\/#\\\/schema\\\/person\\\/4db408c6a09cb495bd94cd9091399b82\",\"name\":\"Arne Reis\",\"image\":{\"@type\":\"ImageObject\",\"inLanguage\":\"de\",\"@id\":\"https:\\\/\\\/secure.gravatar.com\\\/avatar\\\/c4bef4065a8d3a8c90ef072fc15384f76adfd3db7c8a1dda60c10ae1941a2585?s=96&d=mm&r=g\",\"url\":\"https:\\\/\\\/secure.gravatar.com\\\/avatar\\\/c4bef4065a8d3a8c90ef072fc15384f76adfd3db7c8a1dda60c10ae1941a2585?s=96&d=mm&r=g\",\"contentUrl\":\"https:\\\/\\\/secure.gravatar.com\\\/avatar\\\/c4bef4065a8d3a8c90ef072fc15384f76adfd3db7c8a1dda60c10ae1941a2585?s=96&d=mm&r=g\",\"caption\":\"Arne Reis\"},\"description\":\"Arne Reis ist Gr\u00fcnder von firstaudit und flowdit sowie Gesch\u00e4ftsf\u00fchrer der reinstil GmbH &amp; Co. KG in Mainz. Mit \u00fcber 15 Jahren Erfahrung in der individuellen Softwareentwicklung f\u00fcr Industrieunternehmen kennt er die Digitalisierungsherausforderungen produzierender Betriebe aus erster Hand. Kunden wie ADAC, SPRELA, NTT und f\u00fchrende Pharmakonzerne vertrauen auf seine L\u00f6sungen.\",\"sameAs\":[\"https:\\\/\\\/www.digitalagentur-mainz.de\",\"https:\\\/\\\/www.linkedin.com\\\/in\\\/arnereis\\\/\"],\"url\":\"https:\\\/\\\/www.firstaudit.de\\\/blog\\\/author\\\/reinstil-admin\\\/\"}]}<\/script>\n<!-- \/ Yoast SEO plugin. -->","yoast_head_json":{"title":"firstaudit ma\u00dfgeschneidert angewandt - Digitalisierung","description":"Der ADAC setzt auf firstaudit, das digitale Pr\u00fcfungs und Dokumentationssystem f\u00fcr die Bewertung von Objekten und Stores in Deutschland","robots":{"index":"index","follow":"follow","max-snippet":"max-snippet:-1","max-image-preview":"max-image-preview:large","max-video-preview":"max-video-preview:-1"},"canonical":"https:\/\/www.firstaudit.de\/blog\/case-studies\/firstaudit-massgeschneidert-angewandt\/","og_locale":"de_DE","og_type":"article","og_title":"firstaudit ma\u00dfgeschneidert angewandt - Digitalisierung","og_description":"Der ADAC unterst\u00fctzt als einer der f\u00fchrenden Mobilit\u00e4tsdienstleister \u00fcber 20 Millionen Mitglieder und first audit unterst\u00fctzt den ADAC bei dieser Aufgabe. Die Case Study zeigt, wie first audit ma\u00dfgeschneidert eingesetzt werden kann.","og_url":"https:\/\/www.firstaudit.de\/blog\/case-studies\/firstaudit-massgeschneidert-angewandt\/","og_site_name":"Digitalisierung","article_publisher":"https:\/\/www.facebook.com\/firstauditchecklist\/","article_published_time":"2019-05-20T14:19:45+00:00","article_modified_time":"2026-03-03T07:53:34+00:00","og_image":[{"width":641,"height":404,"url":"https:\/\/www.firstaudit.de\/blog\/wp-content\/uploads\/2019\/05\/20181115_ADAC-1.jpeg","type":"image\/jpeg"}],"author":"Arne Reis","twitter_card":"summary_large_image","twitter_description":"Der ADAC unterst\u00fctzt als einer der f\u00fchrenden Mobilit\u00e4tsdienstleister \u00fcber 20 Millionen Mitglieder und first audit unterst\u00fctzt den ADAC bei dieser Aufgabe. Die Case Study zeigt, wie first audit ma\u00dfgeschneidert eingesetzt werden kann.","twitter_misc":{"Verfasst von":"Arne Reis","Gesch\u00e4tzte Lesezeit":"10\u00a0Minuten"},"schema":{"@context":"https:\/\/schema.org","@graph":[{"@type":"Article","@id":"https:\/\/www.firstaudit.de\/blog\/case-studies\/firstaudit-massgeschneidert-angewandt\/#article","isPartOf":{"@id":"https:\/\/www.firstaudit.de\/blog\/case-studies\/firstaudit-massgeschneidert-angewandt\/"},"author":{"name":"Arne Reis","@id":"https:\/\/www.firstaudit.de\/blog\/#\/schema\/person\/4db408c6a09cb495bd94cd9091399b82"},"headline":"firstaudit ma\u00dfgeschneidert angewandt","datePublished":"2019-05-20T14:19:45+00:00","dateModified":"2026-03-03T07:53:34+00:00","mainEntityOfPage":{"@id":"https:\/\/www.firstaudit.de\/blog\/case-studies\/firstaudit-massgeschneidert-angewandt\/"},"wordCount":2057,"publisher":{"@id":"https:\/\/www.firstaudit.de\/blog\/#organization"},"image":{"@id":"https:\/\/www.firstaudit.de\/blog\/case-studies\/firstaudit-massgeschneidert-angewandt\/#primaryimage"},"thumbnailUrl":"https:\/\/www.firstaudit.de\/blog\/wp-content\/uploads\/2019\/05\/20181115_ADAC-1.jpeg","keywords":["ADAC","Case study","first audit"],"articleSection":["Case Studies"],"inLanguage":"de"},{"@type":"WebPage","@id":"https:\/\/www.firstaudit.de\/blog\/case-studies\/firstaudit-massgeschneidert-angewandt\/","url":"https:\/\/www.firstaudit.de\/blog\/case-studies\/firstaudit-massgeschneidert-angewandt\/","name":"firstaudit ma\u00dfgeschneidert angewandt - Digitalisierung","isPartOf":{"@id":"https:\/\/www.firstaudit.de\/blog\/#website"},"primaryImageOfPage":{"@id":"https:\/\/www.firstaudit.de\/blog\/case-studies\/firstaudit-massgeschneidert-angewandt\/#primaryimage"},"image":{"@id":"https:\/\/www.firstaudit.de\/blog\/case-studies\/firstaudit-massgeschneidert-angewandt\/#primaryimage"},"thumbnailUrl":"https:\/\/www.firstaudit.de\/blog\/wp-content\/uploads\/2019\/05\/20181115_ADAC-1.jpeg","datePublished":"2019-05-20T14:19:45+00:00","dateModified":"2026-03-03T07:53:34+00:00","description":"Der ADAC setzt auf firstaudit, das digitale Pr\u00fcfungs und Dokumentationssystem f\u00fcr die Bewertung von Objekten und Stores in Deutschland","inLanguage":"de","potentialAction":[{"@type":"ReadAction","target":["https:\/\/www.firstaudit.de\/blog\/case-studies\/firstaudit-massgeschneidert-angewandt\/"]}]},{"@type":"ImageObject","inLanguage":"de","@id":"https:\/\/www.firstaudit.de\/blog\/case-studies\/firstaudit-massgeschneidert-angewandt\/#primaryimage","url":"https:\/\/www.firstaudit.de\/blog\/wp-content\/uploads\/2019\/05\/20181115_ADAC-1.jpeg","contentUrl":"https:\/\/www.firstaudit.de\/blog\/wp-content\/uploads\/2019\/05\/20181115_ADAC-1.jpeg","width":641,"height":404,"caption":"firstaudit ma\u00dfgeschneidert angewandt"},{"@type":"WebSite","@id":"https:\/\/www.firstaudit.de\/blog\/#website","url":"https:\/\/www.firstaudit.de\/blog\/","name":"firstaudit - digitale Checklisten & Protokolle","description":"Blog f\u00fcr digitale Transformation","publisher":{"@id":"https:\/\/www.firstaudit.de\/blog\/#organization"},"potentialAction":[{"@type":"SearchAction","target":{"@type":"EntryPoint","urlTemplate":"https:\/\/www.firstaudit.de\/blog\/?s={search_term_string}"},"query-input":{"@type":"PropertyValueSpecification","valueRequired":true,"valueName":"search_term_string"}}],"inLanguage":"de"},{"@type":"Organization","@id":"https:\/\/www.firstaudit.de\/blog\/#organization","name":"firstaudit - Digitale Checklisten und Dokumentationen","url":"https:\/\/www.firstaudit.de\/blog\/","logo":{"@type":"ImageObject","inLanguage":"de","@id":"https:\/\/www.firstaudit.de\/blog\/#\/schema\/logo\/image\/","url":"https:\/\/www.firstaudit.de\/blog\/wp-content\/uploads\/2019\/04\/firstaudit_favicon_144x144.png","contentUrl":"https:\/\/www.firstaudit.de\/blog\/wp-content\/uploads\/2019\/04\/firstaudit_favicon_144x144.png","width":144,"height":144,"caption":"firstaudit - Digitale Checklisten und Dokumentationen"},"image":{"@id":"https:\/\/www.firstaudit.de\/blog\/#\/schema\/logo\/image\/"},"sameAs":["https:\/\/www.facebook.com\/firstauditchecklist\/"]},{"@type":"Person","@id":"https:\/\/www.firstaudit.de\/blog\/#\/schema\/person\/4db408c6a09cb495bd94cd9091399b82","name":"Arne Reis","image":{"@type":"ImageObject","inLanguage":"de","@id":"https:\/\/secure.gravatar.com\/avatar\/c4bef4065a8d3a8c90ef072fc15384f76adfd3db7c8a1dda60c10ae1941a2585?s=96&d=mm&r=g","url":"https:\/\/secure.gravatar.com\/avatar\/c4bef4065a8d3a8c90ef072fc15384f76adfd3db7c8a1dda60c10ae1941a2585?s=96&d=mm&r=g","contentUrl":"https:\/\/secure.gravatar.com\/avatar\/c4bef4065a8d3a8c90ef072fc15384f76adfd3db7c8a1dda60c10ae1941a2585?s=96&d=mm&r=g","caption":"Arne Reis"},"description":"Arne Reis ist Gr\u00fcnder von firstaudit und flowdit sowie Gesch\u00e4ftsf\u00fchrer der reinstil GmbH &amp; Co. KG in Mainz. Mit \u00fcber 15 Jahren Erfahrung in der individuellen Softwareentwicklung f\u00fcr Industrieunternehmen kennt er die Digitalisierungsherausforderungen produzierender Betriebe aus erster Hand. Kunden wie ADAC, SPRELA, NTT und f\u00fchrende Pharmakonzerne vertrauen auf seine L\u00f6sungen.","sameAs":["https:\/\/www.digitalagentur-mainz.de","https:\/\/www.linkedin.com\/in\/arnereis\/"],"url":"https:\/\/www.firstaudit.de\/blog\/author\/reinstil-admin\/"}]}},"_links":{"self":[{"href":"https:\/\/www.firstaudit.de\/blog\/wp-json\/wp\/v2\/posts\/1139","targetHints":{"allow":["GET"]}}],"collection":[{"href":"https:\/\/www.firstaudit.de\/blog\/wp-json\/wp\/v2\/posts"}],"about":[{"href":"https:\/\/www.firstaudit.de\/blog\/wp-json\/wp\/v2\/types\/post"}],"author":[{"embeddable":true,"href":"https:\/\/www.firstaudit.de\/blog\/wp-json\/wp\/v2\/users\/10"}],"replies":[{"embeddable":true,"href":"https:\/\/www.firstaudit.de\/blog\/wp-json\/wp\/v2\/comments?post=1139"}],"version-history":[{"count":2,"href":"https:\/\/www.firstaudit.de\/blog\/wp-json\/wp\/v2\/posts\/1139\/revisions"}],"predecessor-version":[{"id":21045,"href":"https:\/\/www.firstaudit.de\/blog\/wp-json\/wp\/v2\/posts\/1139\/revisions\/21045"}],"wp:featuredmedia":[{"embeddable":true,"href":"https:\/\/www.firstaudit.de\/blog\/wp-json\/wp\/v2\/media\/1143"}],"wp:attachment":[{"href":"https:\/\/www.firstaudit.de\/blog\/wp-json\/wp\/v2\/media?parent=1139"}],"wp:term":[{"taxonomy":"category","embeddable":true,"href":"https:\/\/www.firstaudit.de\/blog\/wp-json\/wp\/v2\/categories?post=1139"},{"taxonomy":"post_tag","embeddable":true,"href":"https:\/\/www.firstaudit.de\/blog\/wp-json\/wp\/v2\/tags?post=1139"}],"curies":[{"name":"wp","href":"https:\/\/api.w.org\/{rel}","templated":true}]}}