{"id":1040,"date":"2019-04-05T17:55:23","date_gmt":"2019-04-05T15:55:23","guid":{"rendered":"https:\/\/www.firstaudit.de\/blog\/?p=1040"},"modified":"2026-03-03T08:53:55","modified_gmt":"2026-03-03T07:53:55","slug":"datenmanagement","status":"publish","type":"post","link":"https:\/\/www.firstaudit.de\/blog\/allgemein\/datenmanagement\/","title":{"rendered":"Datenmanagement in der Praxis: Gute Daten &#8211; schlechte Daten"},"content":{"rendered":"<p><div class=\"fusion-fullwidth fullwidth-box fusion-builder-row-1 hundred-percent-fullwidth non-hundred-percent-height-scrolling\" style=\"--awb-border-radius-top-left:0px;--awb-border-radius-top-right:0px;--awb-border-radius-bottom-right:0px;--awb-border-radius-bottom-left:0px;--awb-padding-right:0px;--awb-padding-left:0px;--awb-flex-wrap:wrap;\" ><div class=\"fusion-builder-row fusion-row\"><div class=\"fusion-layout-column fusion_builder_column fusion-builder-column-0 fusion_builder_column_1_1 1_1 fusion-one-full fusion-column-first fusion-column-last\" style=\"--awb-bg-blend:overlay;--awb-bg-size:cover;\"><div class=\"fusion-column-wrapper fusion-flex-column-wrapper-legacy\"><div class=\"fusion-image-element in-legacy-container\" style=\"--awb-caption-title-font-family:var(--h2_typography-font-family);--awb-caption-title-font-weight:var(--h2_typography-font-weight);--awb-caption-title-font-style:var(--h2_typography-font-style);--awb-caption-title-size:var(--h2_typography-font-size);--awb-caption-title-transform:var(--h2_typography-text-transform);--awb-caption-title-line-height:var(--h2_typography-line-height);--awb-caption-title-letter-spacing:var(--h2_typography-letter-spacing);\"><span class=\" fusion-imageframe imageframe-none imageframe-1 hover-type-none\"><img decoding=\"async\" width=\"300\" height=\"83\" alt=\"Datenmanagement: Finanzbeamter beim Pr\u00fcfen von Daten\" title=\"Datenmanagement\" src=\"https:\/\/www.firstaudit.de\/blog\/wp-content\/uploads\/2019\/04\/FirstA_Guten_Daten_Schlechte_Daten-300x83.jpg\" class=\"img-responsive wp-image-1041\" srcset=\"https:\/\/www.firstaudit.de\/blog\/wp-content\/uploads\/2019\/04\/FirstA_Guten_Daten_Schlechte_Daten-200x55.jpg 200w, https:\/\/www.firstaudit.de\/blog\/wp-content\/uploads\/2019\/04\/FirstA_Guten_Daten_Schlechte_Daten-400x110.jpg 400w, https:\/\/www.firstaudit.de\/blog\/wp-content\/uploads\/2019\/04\/FirstA_Guten_Daten_Schlechte_Daten-600x165.jpg 600w, https:\/\/www.firstaudit.de\/blog\/wp-content\/uploads\/2019\/04\/FirstA_Guten_Daten_Schlechte_Daten-800x220.jpg 800w, https:\/\/www.firstaudit.de\/blog\/wp-content\/uploads\/2019\/04\/FirstA_Guten_Daten_Schlechte_Daten-1200x330.jpg 1200w\" sizes=\"(max-width: 800px) 100vw, 300px\" \/><\/span><\/div><div class=\"fusion-clearfix\"><\/div><\/div><\/div><\/div><\/div><div class=\"fusion-fullwidth fullwidth-box fusion-builder-row-2 nonhundred-percent-fullwidth non-hundred-percent-height-scrolling\" style=\"--awb-border-radius-top-left:0px;--awb-border-radius-top-right:0px;--awb-border-radius-bottom-right:0px;--awb-border-radius-bottom-left:0px;--awb-flex-wrap:wrap;\" ><div class=\"fusion-builder-row fusion-row\"><div class=\"fusion-layout-column fusion_builder_column fusion-builder-column-1 fusion_builder_column_1_1 1_1 fusion-one-full fusion-column-first fusion-column-last\" style=\"--awb-bg-blend:overlay;--awb-bg-size:cover;\"><div class=\"fusion-column-wrapper fusion-flex-column-wrapper-legacy\"><div class=\"fusion-title title fusion-title-1 fusion-sep-none fusion-title-text fusion-title-size-one\" style=\"--awb-margin-top:5%;--awb-margin-bottom:3%;--awb-margin-top-small:0px;--awb-margin-right-small:0px;--awb-margin-bottom-small:20px;--awb-margin-left-small:0px;\"><h1 class=\"fusion-title-heading title-heading-left fusion-responsive-typography-calculated\" style=\"margin:0;--fontSize:40;line-height:1.13;\">Datenmanagement in der Praxis: Gute Daten, schlechte Daten<\/h1><\/div><div class=\"fusion-text fusion-text-1\"><p>Eines meiner Lieblingsthemen: Gute Daten, schlechte Daten! Ja, vermessen l\u00e4sst sich mittlerweile ja bekanntlich so gut alles. Nur, was da gemessen und erfasst wird, muss auch irgendwie einen Sinn ergeben und verwertbar sein. Die Liste der Fails ist lang: Eine Werbekampagne, die an der Targetgroup vorbeigeht. Gefolgt von einer Gesch\u00e4ftskorrespondenz, die an die falsche Adresse gesendet wird. Und so weiter. Das Ergebnis: Falsche Daten oder verlorene Kunden bringen das eigene Unternehmen nicht weiter oder gar in Turbulenzen. Aber auch ganz profane Dinge, wie Fragen rund um Hygiene, Einweisungen und Schulungen von Mitarbeitern in sensiblen Bereichen stellen ein Risiko dar, wie im Gesundheitswesen, in Gastronomie und Hotellerie. Was oftmals mit Zetteln, Papierformularen und Checklisten abgearbeitet wird, bietet viel Spielraum f\u00fcr L\u00fccken, Fehler und Fehlinterpretation. Das kann nicht nur ineffizient sein, sondern im Ernstfall auch haftungsrelevant werden \u2013 etwa bei Audits, R\u00fcckverfolgbarkeit oder im Qualit\u00e4tsmanagement. Ein fehlender Eintrag, ein falsch gesetzter Haken \u2013 und schon wird aus einem kleinen Vers\u00e4umnis ein gro\u00dfer Stolperstein. Verlorene Zettel, unleserliche Handschriften oder nicht dokumentierte Aufgaben geh\u00f6ren immer noch zum Alltag vieler Unternehmen. Prozesse werden fehleranf\u00e4llig, Abl\u00e4ufe intransparent \u2013 und Nachweise schwierig.<\/p>\n<p>Warum also nicht mit einer <a href=\"https:\/\/www.firstaudit.de\/software-fuer-mobile-datenerfassung\/\">Software f\u00fcr mobiles Datenerfassung <\/a>sowie digitalen Checklisten Formulare, Mitarbeiterinformationen, Einweisungen, Schulungen und das Ausf\u00fchren von Routinet\u00e4tigkeiten erfassen? Digitale Eingaben minimieren \u00dcbertragungsfehler, steigern die Datenqualit\u00e4t und sorgen f\u00fcr konsistente, nachvollziehbare Informationen. Abrufbar und damit schnell und einfach belegbar, wenn gefordert! \u2013 egal ob auf dem Tablet, im B\u00fcro oder direkt im System.<\/p>\n<p>Das Zauberwort hei\u00dft Informations-Management &#8211; und dazu geh\u00f6rt auch professionelles Datenmanagement. Als erstes gilt dabei: Ungenaues Arbeiten oder gar schludern ist nicht erlaubt und mit digitalen Checklisten auch nicht m\u00f6glich. Rechtliche Verst\u00f6\u00dfe mangels l\u00fcckenloser Dokumentation ad\u00e9. Genauigkeit, Vollst\u00e4ndigkeit, Zuverl\u00e4ssigkeit, Einheitlichkeit, Eindeutigkeit und Verst\u00e4ndlichkeit der erhobenen Daten sind umsetzbar. Nur so entsteht eine belastbare Datengrundlage \u2013 als Basis f\u00fcr fundierte Entscheidungen und nachhaltige Verbesserungen.<\/p>\n<p>Denn am Ende ist klar: Gute Daten sind kein Zufall. Sie sind das Ergebnis durchdachter Prozesse, klarer Zust\u00e4ndigkeiten und der richtigen digitalen Werkzeuge.<\/p>\n<\/div><div class=\"fusion-clearfix\"><\/div><\/div><\/div><\/div><\/div><div class=\"fusion-fullwidth fullwidth-box fusion-builder-row-3 nonhundred-percent-fullwidth non-hundred-percent-height-scrolling sources\" style=\"--awb-border-radius-top-left:0px;--awb-border-radius-top-right:0px;--awb-border-radius-bottom-right:0px;--awb-border-radius-bottom-left:0px;--awb-flex-wrap:wrap;\" ><div class=\"fusion-builder-row fusion-row\"><div class=\"fusion-layout-column fusion_builder_column fusion-builder-column-2 fusion_builder_column_1_1 1_1 fusion-one-full fusion-column-first fusion-column-last\" style=\"--awb-bg-blend:overlay;--awb-bg-size:cover;\"><div class=\"fusion-column-wrapper fusion-column-has-shadow fusion-flex-column-wrapper-legacy\"><div class=\"fusion-text fusion-text-2\"><p>Bild: Adobe Stock \u2013 Copyright-Hinweis: \u00a9K.-P. Adler \u2013 stock.adobe.com<br \/>\nhttps:\/\/de.wikipedia.org\/wiki\/Informationsqualit\u00e4t<\/p>\n<\/div><div class=\"fusion-clearfix\"><\/div><\/div><\/div><\/div><\/div><\/p>\n","protected":false},"excerpt":{"rendered":"","protected":false},"author":10,"featured_media":1041,"comment_status":"closed","ping_status":"open","sticky":false,"template":"","format":"standard","meta":{"footnotes":""},"categories":[1],"tags":[80,75,82,84,77,76,79,85,78,83,81],"class_list":["post-1040","post","type-post","status-publish","format-standard","has-post-thumbnail","hentry","category-allgemein","tag-checkliste","tag-daten","tag-einweisung","tag-fortbildung","tag-gut","tag-information","tag-management","tag-routine","tag-schlecht","tag-schulung","tag-zettelwirtschaft"],"yoast_head":"<!-- This site is optimized with the Yoast SEO plugin v27.5 - https:\/\/yoast.com\/product\/yoast-seo-wordpress\/ -->\n<title>Datenmanagement mit Checklisten optimieren<\/title>\n<meta name=\"description\" content=\"Datenmanagement, genaues Arbeiten kann mit digitalen Checklisten optimiert werden. Zum Einsatz kommen auch mobile Apps\" \/>\n<meta name=\"robots\" content=\"index, follow, max-snippet:-1, max-image-preview:large, max-video-preview:-1\" \/>\n<link rel=\"canonical\" href=\"https:\/\/www.firstaudit.de\/blog\/allgemein\/datenmanagement\/\" \/>\n<meta property=\"og:locale\" content=\"de_DE\" \/>\n<meta property=\"og:type\" content=\"article\" \/>\n<meta property=\"og:title\" content=\"Datenmanagement mit Checklisten optimieren\" \/>\n<meta property=\"og:description\" content=\"Datenmanagement, genaues Arbeiten kann mit digitalen Checklisten optimiert werden. Zum Einsatz kommen auch mobile Apps\" \/>\n<meta property=\"og:url\" content=\"https:\/\/www.firstaudit.de\/blog\/allgemein\/datenmanagement\/\" \/>\n<meta property=\"og:site_name\" content=\"Digitalisierung\" \/>\n<meta property=\"article:publisher\" content=\"https:\/\/www.facebook.com\/firstauditchecklist\/\" \/>\n<meta property=\"article:published_time\" content=\"2019-04-05T15:55:23+00:00\" \/>\n<meta property=\"article:modified_time\" content=\"2026-03-03T07:53:55+00:00\" \/>\n<meta property=\"og:image\" content=\"https:\/\/www.firstaudit.de\/blog\/wp-content\/uploads\/2019\/04\/FirstA_Guten_Daten_Schlechte_Daten.jpg\" \/>\n\t<meta property=\"og:image:width\" content=\"2000\" \/>\n\t<meta property=\"og:image:height\" content=\"550\" \/>\n\t<meta property=\"og:image:type\" content=\"image\/jpeg\" \/>\n<meta name=\"author\" content=\"Arne Reis\" \/>\n<meta name=\"twitter:card\" content=\"summary_large_image\" \/>\n<meta name=\"twitter:label1\" content=\"Verfasst von\" \/>\n\t<meta name=\"twitter:data1\" content=\"Arne Reis\" \/>\n\t<meta name=\"twitter:label2\" content=\"Gesch\u00e4tzte Lesezeit\" \/>\n\t<meta name=\"twitter:data2\" content=\"3\u00a0Minuten\" \/>\n<script type=\"application\/ld+json\" class=\"yoast-schema-graph\">{\"@context\":\"https:\\\/\\\/schema.org\",\"@graph\":[{\"@type\":\"Article\",\"@id\":\"https:\\\/\\\/www.firstaudit.de\\\/blog\\\/allgemein\\\/datenmanagement\\\/#article\",\"isPartOf\":{\"@id\":\"https:\\\/\\\/www.firstaudit.de\\\/blog\\\/allgemein\\\/datenmanagement\\\/\"},\"author\":{\"name\":\"Arne Reis\",\"@id\":\"https:\\\/\\\/www.firstaudit.de\\\/blog\\\/#\\\/schema\\\/person\\\/4db408c6a09cb495bd94cd9091399b82\"},\"headline\":\"Datenmanagement in der Praxis: Gute Daten &#8211; schlechte Daten\",\"datePublished\":\"2019-04-05T15:55:23+00:00\",\"dateModified\":\"2026-03-03T07:53:55+00:00\",\"mainEntityOfPage\":{\"@id\":\"https:\\\/\\\/www.firstaudit.de\\\/blog\\\/allgemein\\\/datenmanagement\\\/\"},\"wordCount\":915,\"publisher\":{\"@id\":\"https:\\\/\\\/www.firstaudit.de\\\/blog\\\/#organization\"},\"image\":{\"@id\":\"https:\\\/\\\/www.firstaudit.de\\\/blog\\\/allgemein\\\/datenmanagement\\\/#primaryimage\"},\"thumbnailUrl\":\"https:\\\/\\\/www.firstaudit.de\\\/blog\\\/wp-content\\\/uploads\\\/2019\\\/04\\\/FirstA_Guten_Daten_Schlechte_Daten.jpg\",\"keywords\":[\"Checkliste\",\"Daten\",\"Einweisung\",\"Fortbildung\",\"Gut\",\"Information\",\"Management\",\"Routine\",\"Schlecht\",\"Schulung\",\"Zettelwirtschaft\"],\"inLanguage\":\"de\"},{\"@type\":\"WebPage\",\"@id\":\"https:\\\/\\\/www.firstaudit.de\\\/blog\\\/allgemein\\\/datenmanagement\\\/\",\"url\":\"https:\\\/\\\/www.firstaudit.de\\\/blog\\\/allgemein\\\/datenmanagement\\\/\",\"name\":\"Datenmanagement mit Checklisten optimieren\",\"isPartOf\":{\"@id\":\"https:\\\/\\\/www.firstaudit.de\\\/blog\\\/#website\"},\"primaryImageOfPage\":{\"@id\":\"https:\\\/\\\/www.firstaudit.de\\\/blog\\\/allgemein\\\/datenmanagement\\\/#primaryimage\"},\"image\":{\"@id\":\"https:\\\/\\\/www.firstaudit.de\\\/blog\\\/allgemein\\\/datenmanagement\\\/#primaryimage\"},\"thumbnailUrl\":\"https:\\\/\\\/www.firstaudit.de\\\/blog\\\/wp-content\\\/uploads\\\/2019\\\/04\\\/FirstA_Guten_Daten_Schlechte_Daten.jpg\",\"datePublished\":\"2019-04-05T15:55:23+00:00\",\"dateModified\":\"2026-03-03T07:53:55+00:00\",\"description\":\"Datenmanagement, genaues Arbeiten kann mit digitalen Checklisten optimiert werden. Zum Einsatz kommen auch mobile Apps\",\"inLanguage\":\"de\",\"potentialAction\":[{\"@type\":\"ReadAction\",\"target\":[\"https:\\\/\\\/www.firstaudit.de\\\/blog\\\/allgemein\\\/datenmanagement\\\/\"]}]},{\"@type\":\"ImageObject\",\"inLanguage\":\"de\",\"@id\":\"https:\\\/\\\/www.firstaudit.de\\\/blog\\\/allgemein\\\/datenmanagement\\\/#primaryimage\",\"url\":\"https:\\\/\\\/www.firstaudit.de\\\/blog\\\/wp-content\\\/uploads\\\/2019\\\/04\\\/FirstA_Guten_Daten_Schlechte_Daten.jpg\",\"contentUrl\":\"https:\\\/\\\/www.firstaudit.de\\\/blog\\\/wp-content\\\/uploads\\\/2019\\\/04\\\/FirstA_Guten_Daten_Schlechte_Daten.jpg\",\"width\":2000,\"height\":550,\"caption\":\"Datenmanagement\"},{\"@type\":\"WebSite\",\"@id\":\"https:\\\/\\\/www.firstaudit.de\\\/blog\\\/#website\",\"url\":\"https:\\\/\\\/www.firstaudit.de\\\/blog\\\/\",\"name\":\"firstaudit - digitale Checklisten & Protokolle\",\"description\":\"Blog f\u00fcr digitale Transformation\",\"publisher\":{\"@id\":\"https:\\\/\\\/www.firstaudit.de\\\/blog\\\/#organization\"},\"potentialAction\":[{\"@type\":\"SearchAction\",\"target\":{\"@type\":\"EntryPoint\",\"urlTemplate\":\"https:\\\/\\\/www.firstaudit.de\\\/blog\\\/?s={search_term_string}\"},\"query-input\":{\"@type\":\"PropertyValueSpecification\",\"valueRequired\":true,\"valueName\":\"search_term_string\"}}],\"inLanguage\":\"de\"},{\"@type\":\"Organization\",\"@id\":\"https:\\\/\\\/www.firstaudit.de\\\/blog\\\/#organization\",\"name\":\"firstaudit - Digitale Checklisten und Dokumentationen\",\"url\":\"https:\\\/\\\/www.firstaudit.de\\\/blog\\\/\",\"logo\":{\"@type\":\"ImageObject\",\"inLanguage\":\"de\",\"@id\":\"https:\\\/\\\/www.firstaudit.de\\\/blog\\\/#\\\/schema\\\/logo\\\/image\\\/\",\"url\":\"https:\\\/\\\/www.firstaudit.de\\\/blog\\\/wp-content\\\/uploads\\\/2019\\\/04\\\/firstaudit_favicon_144x144.png\",\"contentUrl\":\"https:\\\/\\\/www.firstaudit.de\\\/blog\\\/wp-content\\\/uploads\\\/2019\\\/04\\\/firstaudit_favicon_144x144.png\",\"width\":144,\"height\":144,\"caption\":\"firstaudit - Digitale Checklisten und Dokumentationen\"},\"image\":{\"@id\":\"https:\\\/\\\/www.firstaudit.de\\\/blog\\\/#\\\/schema\\\/logo\\\/image\\\/\"},\"sameAs\":[\"https:\\\/\\\/www.facebook.com\\\/firstauditchecklist\\\/\"]},{\"@type\":\"Person\",\"@id\":\"https:\\\/\\\/www.firstaudit.de\\\/blog\\\/#\\\/schema\\\/person\\\/4db408c6a09cb495bd94cd9091399b82\",\"name\":\"Arne Reis\",\"image\":{\"@type\":\"ImageObject\",\"inLanguage\":\"de\",\"@id\":\"https:\\\/\\\/secure.gravatar.com\\\/avatar\\\/c4bef4065a8d3a8c90ef072fc15384f76adfd3db7c8a1dda60c10ae1941a2585?s=96&d=mm&r=g\",\"url\":\"https:\\\/\\\/secure.gravatar.com\\\/avatar\\\/c4bef4065a8d3a8c90ef072fc15384f76adfd3db7c8a1dda60c10ae1941a2585?s=96&d=mm&r=g\",\"contentUrl\":\"https:\\\/\\\/secure.gravatar.com\\\/avatar\\\/c4bef4065a8d3a8c90ef072fc15384f76adfd3db7c8a1dda60c10ae1941a2585?s=96&d=mm&r=g\",\"caption\":\"Arne Reis\"},\"description\":\"Arne Reis ist Gr\u00fcnder von firstaudit und flowdit sowie Gesch\u00e4ftsf\u00fchrer der reinstil GmbH &amp; Co. KG in Mainz. Mit \u00fcber 15 Jahren Erfahrung in der individuellen Softwareentwicklung f\u00fcr Industrieunternehmen kennt er die Digitalisierungsherausforderungen produzierender Betriebe aus erster Hand. Kunden wie ADAC, SPRELA, NTT und f\u00fchrende Pharmakonzerne vertrauen auf seine L\u00f6sungen.\",\"sameAs\":[\"https:\\\/\\\/www.digitalagentur-mainz.de\",\"https:\\\/\\\/www.linkedin.com\\\/in\\\/arnereis\\\/\"],\"url\":\"https:\\\/\\\/www.firstaudit.de\\\/blog\\\/author\\\/reinstil-admin\\\/\"}]}<\/script>\n<!-- \/ Yoast SEO plugin. -->","yoast_head_json":{"title":"Datenmanagement mit Checklisten optimieren","description":"Datenmanagement, genaues Arbeiten kann mit digitalen Checklisten optimiert werden. Zum Einsatz kommen auch mobile Apps","robots":{"index":"index","follow":"follow","max-snippet":"max-snippet:-1","max-image-preview":"max-image-preview:large","max-video-preview":"max-video-preview:-1"},"canonical":"https:\/\/www.firstaudit.de\/blog\/allgemein\/datenmanagement\/","og_locale":"de_DE","og_type":"article","og_title":"Datenmanagement mit Checklisten optimieren","og_description":"Datenmanagement, genaues Arbeiten kann mit digitalen Checklisten optimiert werden. Zum Einsatz kommen auch mobile Apps","og_url":"https:\/\/www.firstaudit.de\/blog\/allgemein\/datenmanagement\/","og_site_name":"Digitalisierung","article_publisher":"https:\/\/www.facebook.com\/firstauditchecklist\/","article_published_time":"2019-04-05T15:55:23+00:00","article_modified_time":"2026-03-03T07:53:55+00:00","og_image":[{"width":2000,"height":550,"url":"https:\/\/www.firstaudit.de\/blog\/wp-content\/uploads\/2019\/04\/FirstA_Guten_Daten_Schlechte_Daten.jpg","type":"image\/jpeg"}],"author":"Arne Reis","twitter_card":"summary_large_image","twitter_misc":{"Verfasst von":"Arne Reis","Gesch\u00e4tzte Lesezeit":"3\u00a0Minuten"},"schema":{"@context":"https:\/\/schema.org","@graph":[{"@type":"Article","@id":"https:\/\/www.firstaudit.de\/blog\/allgemein\/datenmanagement\/#article","isPartOf":{"@id":"https:\/\/www.firstaudit.de\/blog\/allgemein\/datenmanagement\/"},"author":{"name":"Arne Reis","@id":"https:\/\/www.firstaudit.de\/blog\/#\/schema\/person\/4db408c6a09cb495bd94cd9091399b82"},"headline":"Datenmanagement in der Praxis: Gute Daten &#8211; schlechte Daten","datePublished":"2019-04-05T15:55:23+00:00","dateModified":"2026-03-03T07:53:55+00:00","mainEntityOfPage":{"@id":"https:\/\/www.firstaudit.de\/blog\/allgemein\/datenmanagement\/"},"wordCount":915,"publisher":{"@id":"https:\/\/www.firstaudit.de\/blog\/#organization"},"image":{"@id":"https:\/\/www.firstaudit.de\/blog\/allgemein\/datenmanagement\/#primaryimage"},"thumbnailUrl":"https:\/\/www.firstaudit.de\/blog\/wp-content\/uploads\/2019\/04\/FirstA_Guten_Daten_Schlechte_Daten.jpg","keywords":["Checkliste","Daten","Einweisung","Fortbildung","Gut","Information","Management","Routine","Schlecht","Schulung","Zettelwirtschaft"],"inLanguage":"de"},{"@type":"WebPage","@id":"https:\/\/www.firstaudit.de\/blog\/allgemein\/datenmanagement\/","url":"https:\/\/www.firstaudit.de\/blog\/allgemein\/datenmanagement\/","name":"Datenmanagement mit Checklisten optimieren","isPartOf":{"@id":"https:\/\/www.firstaudit.de\/blog\/#website"},"primaryImageOfPage":{"@id":"https:\/\/www.firstaudit.de\/blog\/allgemein\/datenmanagement\/#primaryimage"},"image":{"@id":"https:\/\/www.firstaudit.de\/blog\/allgemein\/datenmanagement\/#primaryimage"},"thumbnailUrl":"https:\/\/www.firstaudit.de\/blog\/wp-content\/uploads\/2019\/04\/FirstA_Guten_Daten_Schlechte_Daten.jpg","datePublished":"2019-04-05T15:55:23+00:00","dateModified":"2026-03-03T07:53:55+00:00","description":"Datenmanagement, genaues Arbeiten kann mit digitalen Checklisten optimiert werden. Zum Einsatz kommen auch mobile Apps","inLanguage":"de","potentialAction":[{"@type":"ReadAction","target":["https:\/\/www.firstaudit.de\/blog\/allgemein\/datenmanagement\/"]}]},{"@type":"ImageObject","inLanguage":"de","@id":"https:\/\/www.firstaudit.de\/blog\/allgemein\/datenmanagement\/#primaryimage","url":"https:\/\/www.firstaudit.de\/blog\/wp-content\/uploads\/2019\/04\/FirstA_Guten_Daten_Schlechte_Daten.jpg","contentUrl":"https:\/\/www.firstaudit.de\/blog\/wp-content\/uploads\/2019\/04\/FirstA_Guten_Daten_Schlechte_Daten.jpg","width":2000,"height":550,"caption":"Datenmanagement"},{"@type":"WebSite","@id":"https:\/\/www.firstaudit.de\/blog\/#website","url":"https:\/\/www.firstaudit.de\/blog\/","name":"firstaudit - digitale Checklisten & Protokolle","description":"Blog f\u00fcr digitale Transformation","publisher":{"@id":"https:\/\/www.firstaudit.de\/blog\/#organization"},"potentialAction":[{"@type":"SearchAction","target":{"@type":"EntryPoint","urlTemplate":"https:\/\/www.firstaudit.de\/blog\/?s={search_term_string}"},"query-input":{"@type":"PropertyValueSpecification","valueRequired":true,"valueName":"search_term_string"}}],"inLanguage":"de"},{"@type":"Organization","@id":"https:\/\/www.firstaudit.de\/blog\/#organization","name":"firstaudit - Digitale Checklisten und Dokumentationen","url":"https:\/\/www.firstaudit.de\/blog\/","logo":{"@type":"ImageObject","inLanguage":"de","@id":"https:\/\/www.firstaudit.de\/blog\/#\/schema\/logo\/image\/","url":"https:\/\/www.firstaudit.de\/blog\/wp-content\/uploads\/2019\/04\/firstaudit_favicon_144x144.png","contentUrl":"https:\/\/www.firstaudit.de\/blog\/wp-content\/uploads\/2019\/04\/firstaudit_favicon_144x144.png","width":144,"height":144,"caption":"firstaudit - Digitale Checklisten und Dokumentationen"},"image":{"@id":"https:\/\/www.firstaudit.de\/blog\/#\/schema\/logo\/image\/"},"sameAs":["https:\/\/www.facebook.com\/firstauditchecklist\/"]},{"@type":"Person","@id":"https:\/\/www.firstaudit.de\/blog\/#\/schema\/person\/4db408c6a09cb495bd94cd9091399b82","name":"Arne Reis","image":{"@type":"ImageObject","inLanguage":"de","@id":"https:\/\/secure.gravatar.com\/avatar\/c4bef4065a8d3a8c90ef072fc15384f76adfd3db7c8a1dda60c10ae1941a2585?s=96&d=mm&r=g","url":"https:\/\/secure.gravatar.com\/avatar\/c4bef4065a8d3a8c90ef072fc15384f76adfd3db7c8a1dda60c10ae1941a2585?s=96&d=mm&r=g","contentUrl":"https:\/\/secure.gravatar.com\/avatar\/c4bef4065a8d3a8c90ef072fc15384f76adfd3db7c8a1dda60c10ae1941a2585?s=96&d=mm&r=g","caption":"Arne Reis"},"description":"Arne Reis ist Gr\u00fcnder von firstaudit und flowdit sowie Gesch\u00e4ftsf\u00fchrer der reinstil GmbH &amp; Co. KG in Mainz. Mit \u00fcber 15 Jahren Erfahrung in der individuellen Softwareentwicklung f\u00fcr Industrieunternehmen kennt er die Digitalisierungsherausforderungen produzierender Betriebe aus erster Hand. Kunden wie ADAC, SPRELA, NTT und f\u00fchrende Pharmakonzerne vertrauen auf seine L\u00f6sungen.","sameAs":["https:\/\/www.digitalagentur-mainz.de","https:\/\/www.linkedin.com\/in\/arnereis\/"],"url":"https:\/\/www.firstaudit.de\/blog\/author\/reinstil-admin\/"}]}},"_links":{"self":[{"href":"https:\/\/www.firstaudit.de\/blog\/wp-json\/wp\/v2\/posts\/1040","targetHints":{"allow":["GET"]}}],"collection":[{"href":"https:\/\/www.firstaudit.de\/blog\/wp-json\/wp\/v2\/posts"}],"about":[{"href":"https:\/\/www.firstaudit.de\/blog\/wp-json\/wp\/v2\/types\/post"}],"author":[{"embeddable":true,"href":"https:\/\/www.firstaudit.de\/blog\/wp-json\/wp\/v2\/users\/10"}],"replies":[{"embeddable":true,"href":"https:\/\/www.firstaudit.de\/blog\/wp-json\/wp\/v2\/comments?post=1040"}],"version-history":[{"count":19,"href":"https:\/\/www.firstaudit.de\/blog\/wp-json\/wp\/v2\/posts\/1040\/revisions"}],"predecessor-version":[{"id":15554,"href":"https:\/\/www.firstaudit.de\/blog\/wp-json\/wp\/v2\/posts\/1040\/revisions\/15554"}],"wp:featuredmedia":[{"embeddable":true,"href":"https:\/\/www.firstaudit.de\/blog\/wp-json\/wp\/v2\/media\/1041"}],"wp:attachment":[{"href":"https:\/\/www.firstaudit.de\/blog\/wp-json\/wp\/v2\/media?parent=1040"}],"wp:term":[{"taxonomy":"category","embeddable":true,"href":"https:\/\/www.firstaudit.de\/blog\/wp-json\/wp\/v2\/categories?post=1040"},{"taxonomy":"post_tag","embeddable":true,"href":"https:\/\/www.firstaudit.de\/blog\/wp-json\/wp\/v2\/tags?post=1040"}],"curies":[{"name":"wp","href":"https:\/\/api.w.org\/{rel}","templated":true}]}}