{"id":1034,"date":"2019-04-05T17:40:15","date_gmt":"2019-04-05T15:40:15","guid":{"rendered":"https:\/\/www.firstaudit.de\/blog\/?p=1034"},"modified":"2026-03-03T08:53:56","modified_gmt":"2026-03-03T07:53:56","slug":"digitale-revolution","status":"publish","type":"post","link":"https:\/\/www.firstaudit.de\/blog\/allgemein\/digitale-revolution\/","title":{"rendered":"Verschl\u00e4ft Deutschland die digitale Revolution?"},"content":{"rendered":"<p><div class=\"fusion-fullwidth fullwidth-box fusion-builder-row-1 hundred-percent-fullwidth non-hundred-percent-height-scrolling\" style=\"--awb-border-radius-top-left:0px;--awb-border-radius-top-right:0px;--awb-border-radius-bottom-right:0px;--awb-border-radius-bottom-left:0px;--awb-padding-right:0px;--awb-padding-left:0px;--awb-margin-top:-50px;--awb-flex-wrap:wrap;\" ><div class=\"fusion-builder-row fusion-row\"><div class=\"fusion-layout-column fusion_builder_column fusion-builder-column-0 fusion_builder_column_1_1 1_1 fusion-one-full fusion-column-first fusion-column-last\" style=\"--awb-bg-blend:overlay;--awb-bg-size:cover;\"><div class=\"fusion-column-wrapper fusion-flex-column-wrapper-legacy\"><div class=\"fusion-image-element in-legacy-container\" style=\"--awb-caption-title-font-family:var(--h2_typography-font-family);--awb-caption-title-font-weight:var(--h2_typography-font-weight);--awb-caption-title-font-style:var(--h2_typography-font-style);--awb-caption-title-size:var(--h2_typography-font-size);--awb-caption-title-transform:var(--h2_typography-text-transform);--awb-caption-title-line-height:var(--h2_typography-line-height);--awb-caption-title-letter-spacing:var(--h2_typography-letter-spacing);\"><span class=\" fusion-imageframe imageframe-none imageframe-1 hover-type-zoomout\"><img decoding=\"async\" width=\"2000\" height=\"550\" alt=\"Ein Angestellter schl\u00e4ft auf einem Laptop, um die Frage zu stellen ob Deutschland die digitale Revolution verschl\u00e4ft\" title=\"Digitale Revolution\" src=\"https:\/\/www.firstaudit.de\/blog\/wp-content\/uploads\/2019\/04\/FirstA_D_verschlaeft_digi_Revolution.jpg\" class=\"img-responsive wp-image-1035\" srcset=\"https:\/\/www.firstaudit.de\/blog\/wp-content\/uploads\/2019\/04\/FirstA_D_verschlaeft_digi_Revolution-200x55.jpg 200w, https:\/\/www.firstaudit.de\/blog\/wp-content\/uploads\/2019\/04\/FirstA_D_verschlaeft_digi_Revolution-400x110.jpg 400w, https:\/\/www.firstaudit.de\/blog\/wp-content\/uploads\/2019\/04\/FirstA_D_verschlaeft_digi_Revolution-600x165.jpg 600w, https:\/\/www.firstaudit.de\/blog\/wp-content\/uploads\/2019\/04\/FirstA_D_verschlaeft_digi_Revolution-800x220.jpg 800w, https:\/\/www.firstaudit.de\/blog\/wp-content\/uploads\/2019\/04\/FirstA_D_verschlaeft_digi_Revolution-1200x330.jpg 1200w, https:\/\/www.firstaudit.de\/blog\/wp-content\/uploads\/2019\/04\/FirstA_D_verschlaeft_digi_Revolution.jpg 2000w\" sizes=\"(max-width: 800px) 100vw, 2000px\" \/><\/span><\/div><div class=\"fusion-clearfix\"><\/div><\/div><\/div><\/div><\/div><div class=\"fusion-fullwidth fullwidth-box fusion-builder-row-2 nonhundred-percent-fullwidth non-hundred-percent-height-scrolling\" style=\"--awb-border-radius-top-left:0px;--awb-border-radius-top-right:0px;--awb-border-radius-bottom-right:0px;--awb-border-radius-bottom-left:0px;--awb-flex-wrap:wrap;\" ><div class=\"fusion-builder-row fusion-row\"><div class=\"fusion-layout-column fusion_builder_column fusion-builder-column-1 fusion_builder_column_1_1 1_1 fusion-one-full fusion-column-first fusion-column-last\" style=\"--awb-bg-blend:overlay;--awb-bg-size:cover;\"><div class=\"fusion-column-wrapper fusion-flex-column-wrapper-legacy\"><div class=\"fusion-title title fusion-title-1 fusion-sep-none fusion-title-text fusion-title-size-one\" style=\"--awb-margin-top:5%;--awb-margin-bottom:3%;--awb-margin-top-small:0px;--awb-margin-right-small:0px;--awb-margin-bottom-small:20px;--awb-margin-left-small:0px;\"><h1 class=\"fusion-title-heading title-heading-left fusion-responsive-typography-calculated\" style=\"margin:0;--fontSize:40;line-height:1.13;\">Verschl\u00e4ft Deutschland die digitale Revolution?<\/h1><\/div><div class=\"fusion-text fusion-text-1\"><p>Die Frage, ob Deutschland gerade die digitale Revolution verschl\u00e4ft, bietet immer wieder Stoff f\u00fcr angeregten Smalltalk. Aber was steckt eigentlich dahinter? Ein Beispiel: Vor wenigen Tagen ging in S\u00fcdkorea fl\u00e4chendeckend das 5G-Mobilfunknetz an den Start. Ja genau, in S\u00fcdkorea ist man bereits im ganzen Land mit <b>5G-Netz<\/b> unterwegs. Und wie sieht es in Deutschland aus? Hier haben gerade erst die Versteigerungen der 5G-Lizenzen in Mainz begonnen. Von einer fl\u00e4chendeckenden 5G-Infrastruktur, deren Aufbau Jahre dauern wird, ganz zu schweigen. Da gewinnt man doch schnell den Eindruck, wir in good old Germany verpassen es auf den Zug in die Zukunft aufzuspringen, liegt die Relevanz des 5G-Standards doch nicht nur in schnelleren Videostreams, sondern in gerade in Zukunftstechnologien, wie Steuerung und Vernetzung von Robotern sowie Maschinen, in der Warenlogistik und dem autonomen Fahren. Kurzum das ganze Themenfeld <a href=\"https:\/\/www.firstaudit.de\/blog\/allgemein\/industrie-4-0\/\">Industrie 4.0.<\/a><\/p>\n<p>Ob ganz Deutschland tats\u00e4chlich die digitale Revolution verschl\u00e4ft, kann jedoch bezweifelt werden. Viele mittelst\u00e4ndische Unternehmen arbeiten mit Hochdruck daran, die M\u00f6glichkeiten der Digitalisierung f\u00fcr Ihr Gesch\u00e4ftsmodell zu heben und investieren entsprechend in ihre Produktion, den Vertrieb oder die Entwicklung. Diese Einsch\u00e4tzung teilen zumindest namhafte Consultingfirmen wie McKinsey, Ernst &amp; Young oder Infront Consulting sowie der Branchenverband Bitkom. Aber warum f\u00e4llt uns das nicht auf. Die gro\u00dfen Namen der Digitalisierung, wie Amazon, google, facebook und Co., entstanden allesamt im \u00dcbersee. Hierzulande gibt es tausende hochspezialisierte Unternehmen. Die sog. <b>Hidden Champions,<\/b> die in ihrer Nische oder gar Mini-Nische weltweit veritable Marktpositionen innehaben. Dort wird die <b><i>digitale Revolution<\/i><\/b> ebenfalls vorangetrieben, nur eben nicht f\u00fcr jedermann ersichtlich.<\/p>\n<p>Dennoch sehen sich die innovativen Unternehmen mit einigen Hemmnissen konfrontiert. Und da kommen wir wieder zum 5G. Wenn hierzulande diese Infrastruktur noch nicht verf\u00fcgbar ist, dann f\u00e4llt es schwer, Anwendungen daf\u00fcr zu entwickeln. Dass dar\u00fcber hinaus Fachkr\u00e4fte in der IT-Entwicklung mehr als Mangelware sind, macht es auch nicht leichter. Und letztlich verlangt die digitale Transformation auch Mut und F\u00fchrung. Jobprofile und Anforderungen \u00e4ndern sich. <a href=\"https:\/\/www.firstaudit.de\/blog\/allgemein\/digitale-geschaeftsprozesse\/\">Digitale Gesch\u00e4ftsprozesse <\/a>bringen neue Strukturen mit sich, die nicht nur technisches Know-how erfordern, sondern auch Ver\u00e4nderungsbereitschaft. Ob alle T\u00e4tigkeiten in einem Unternehmen erhalten bleiben und die dahinterstehenden Menschen neue Wege mitgehen k\u00f6nnen und wollen, ist eine entscheidende Frage. Genauso, ob Neues auch den notwendigen Freiraum zur Entfaltung erh\u00e4lt.<\/p>\n<\/div><div class=\"fusion-clearfix\"><\/div><\/div><\/div><\/div><\/div><div class=\"fusion-fullwidth fullwidth-box fusion-builder-row-3 nonhundred-percent-fullwidth non-hundred-percent-height-scrolling sources\" style=\"--awb-border-radius-top-left:0px;--awb-border-radius-top-right:0px;--awb-border-radius-bottom-right:0px;--awb-border-radius-bottom-left:0px;--awb-flex-wrap:wrap;\" ><div class=\"fusion-builder-row fusion-row\"><div class=\"fusion-layout-column fusion_builder_column fusion-builder-column-2 fusion_builder_column_1_1 1_1 fusion-one-full fusion-column-first fusion-column-last\" style=\"--awb-bg-blend:overlay;--awb-bg-size:cover;\"><div class=\"fusion-column-wrapper fusion-column-has-shadow fusion-flex-column-wrapper-legacy\"><div class=\"fusion-text fusion-text-2\"><p>Bild: Adobe Stock \u2013 Copyright-Hinweis: \u00a9Jean B. \u2013 stock.adobe.com<br \/>\nhttps:\/\/www.tecchannel.de\/a\/unternehmen-koennten-wettbewerbsvorteile-verspielen,2076641<br \/>\nhttps:\/\/www.capital.de\/allgemein\/digitalisierung-der-deutsche-mittelstand-schlaeft-nicht<\/p>\n<\/div><div class=\"fusion-clearfix\"><\/div><\/div><\/div><\/div><\/div><\/p>\n","protected":false},"excerpt":{"rendered":"","protected":false},"author":10,"featured_media":1035,"comment_status":"closed","ping_status":"open","sticky":false,"template":"","format":"standard","meta":{"footnotes":""},"categories":[1],"tags":[69,65,64,72,68,74,73,71,66,70,67],"class_list":["post-1034","post","type-post","status-publish","format-standard","has-post-thumbnail","hentry","category-allgemein","tag-5g","tag-deutschland","tag-digital","tag-ernst-young","tag-industrie-4-0","tag-infront","tag-mckinsey","tag-mittelstand","tag-revolution","tag-suedkorea","tag-verschlafen"],"yoast_head":"<!-- This site is optimized with the Yoast SEO plugin v27.5 - https:\/\/yoast.com\/product\/yoast-seo-wordpress\/ -->\n<title>Verschl\u00e4ft Deutschland die digitale Revolution?<\/title>\n<meta name=\"description\" content=\"Die digitale Revolution hat begonnen, eigentlich m\u00fcsste Deutschland hier Vorreiter sein. Was sind die Probleme in der Transformation?\" \/>\n<meta name=\"robots\" content=\"index, follow, max-snippet:-1, max-image-preview:large, max-video-preview:-1\" \/>\n<link rel=\"canonical\" href=\"https:\/\/www.firstaudit.de\/blog\/allgemein\/digitale-revolution\/\" \/>\n<meta property=\"og:locale\" content=\"de_DE\" \/>\n<meta property=\"og:type\" content=\"article\" \/>\n<meta property=\"og:title\" content=\"Verschl\u00e4ft Deutschland die digitale Revolution?\" \/>\n<meta property=\"og:description\" content=\"Die digitale Revolution hat begonnen, eigentlich m\u00fcsste Deutschland hier Vorreiter sein. Was sind die Probleme in der Transformation?\" \/>\n<meta property=\"og:url\" content=\"https:\/\/www.firstaudit.de\/blog\/allgemein\/digitale-revolution\/\" \/>\n<meta property=\"og:site_name\" content=\"Digitalisierung\" \/>\n<meta property=\"article:publisher\" content=\"https:\/\/www.facebook.com\/firstauditchecklist\/\" \/>\n<meta property=\"article:published_time\" content=\"2019-04-05T15:40:15+00:00\" \/>\n<meta property=\"article:modified_time\" content=\"2026-03-03T07:53:56+00:00\" \/>\n<meta property=\"og:image\" content=\"https:\/\/www.firstaudit.de\/blog\/wp-content\/uploads\/2019\/04\/FirstA_D_verschlaeft_digi_Revolution.jpg\" \/>\n\t<meta property=\"og:image:width\" content=\"2000\" \/>\n\t<meta property=\"og:image:height\" content=\"550\" \/>\n\t<meta property=\"og:image:type\" content=\"image\/jpeg\" \/>\n<meta name=\"author\" content=\"Arne Reis\" \/>\n<meta name=\"twitter:card\" content=\"summary_large_image\" \/>\n<meta name=\"twitter:label1\" content=\"Verfasst von\" \/>\n\t<meta name=\"twitter:data1\" content=\"Arne Reis\" \/>\n\t<meta name=\"twitter:label2\" content=\"Gesch\u00e4tzte Lesezeit\" \/>\n\t<meta name=\"twitter:data2\" content=\"4\u00a0Minuten\" \/>\n<script type=\"application\/ld+json\" class=\"yoast-schema-graph\">{\"@context\":\"https:\\\/\\\/schema.org\",\"@graph\":[{\"@type\":\"Article\",\"@id\":\"https:\\\/\\\/www.firstaudit.de\\\/blog\\\/allgemein\\\/digitale-revolution\\\/#article\",\"isPartOf\":{\"@id\":\"https:\\\/\\\/www.firstaudit.de\\\/blog\\\/allgemein\\\/digitale-revolution\\\/\"},\"author\":{\"name\":\"Arne Reis\",\"@id\":\"https:\\\/\\\/www.firstaudit.de\\\/blog\\\/#\\\/schema\\\/person\\\/4db408c6a09cb495bd94cd9091399b82\"},\"headline\":\"Verschl\u00e4ft Deutschland die digitale Revolution?\",\"datePublished\":\"2019-04-05T15:40:15+00:00\",\"dateModified\":\"2026-03-03T07:53:56+00:00\",\"mainEntityOfPage\":{\"@id\":\"https:\\\/\\\/www.firstaudit.de\\\/blog\\\/allgemein\\\/digitale-revolution\\\/\"},\"wordCount\":954,\"publisher\":{\"@id\":\"https:\\\/\\\/www.firstaudit.de\\\/blog\\\/#organization\"},\"image\":{\"@id\":\"https:\\\/\\\/www.firstaudit.de\\\/blog\\\/allgemein\\\/digitale-revolution\\\/#primaryimage\"},\"thumbnailUrl\":\"https:\\\/\\\/www.firstaudit.de\\\/blog\\\/wp-content\\\/uploads\\\/2019\\\/04\\\/FirstA_D_verschlaeft_digi_Revolution.jpg\",\"keywords\":[\"5G\",\"Deutschland\",\"digital\",\"Ernst &amp; Young\",\"Industrie 4.0\",\"Infront\",\"McKinsey\",\"Mittelstand\",\"Revolution\",\"S\u00fcdkorea\",\"verschlafen\"],\"inLanguage\":\"de\"},{\"@type\":\"WebPage\",\"@id\":\"https:\\\/\\\/www.firstaudit.de\\\/blog\\\/allgemein\\\/digitale-revolution\\\/\",\"url\":\"https:\\\/\\\/www.firstaudit.de\\\/blog\\\/allgemein\\\/digitale-revolution\\\/\",\"name\":\"Verschl\u00e4ft Deutschland die digitale Revolution?\",\"isPartOf\":{\"@id\":\"https:\\\/\\\/www.firstaudit.de\\\/blog\\\/#website\"},\"primaryImageOfPage\":{\"@id\":\"https:\\\/\\\/www.firstaudit.de\\\/blog\\\/allgemein\\\/digitale-revolution\\\/#primaryimage\"},\"image\":{\"@id\":\"https:\\\/\\\/www.firstaudit.de\\\/blog\\\/allgemein\\\/digitale-revolution\\\/#primaryimage\"},\"thumbnailUrl\":\"https:\\\/\\\/www.firstaudit.de\\\/blog\\\/wp-content\\\/uploads\\\/2019\\\/04\\\/FirstA_D_verschlaeft_digi_Revolution.jpg\",\"datePublished\":\"2019-04-05T15:40:15+00:00\",\"dateModified\":\"2026-03-03T07:53:56+00:00\",\"description\":\"Die digitale Revolution hat begonnen, eigentlich m\u00fcsste Deutschland hier Vorreiter sein. Was sind die Probleme in der Transformation?\",\"inLanguage\":\"de\",\"potentialAction\":[{\"@type\":\"ReadAction\",\"target\":[\"https:\\\/\\\/www.firstaudit.de\\\/blog\\\/allgemein\\\/digitale-revolution\\\/\"]}]},{\"@type\":\"ImageObject\",\"inLanguage\":\"de\",\"@id\":\"https:\\\/\\\/www.firstaudit.de\\\/blog\\\/allgemein\\\/digitale-revolution\\\/#primaryimage\",\"url\":\"https:\\\/\\\/www.firstaudit.de\\\/blog\\\/wp-content\\\/uploads\\\/2019\\\/04\\\/FirstA_D_verschlaeft_digi_Revolution.jpg\",\"contentUrl\":\"https:\\\/\\\/www.firstaudit.de\\\/blog\\\/wp-content\\\/uploads\\\/2019\\\/04\\\/FirstA_D_verschlaeft_digi_Revolution.jpg\",\"width\":2000,\"height\":550,\"caption\":\"Digitale Revolution\"},{\"@type\":\"WebSite\",\"@id\":\"https:\\\/\\\/www.firstaudit.de\\\/blog\\\/#website\",\"url\":\"https:\\\/\\\/www.firstaudit.de\\\/blog\\\/\",\"name\":\"firstaudit - digitale Checklisten & Protokolle\",\"description\":\"Blog f\u00fcr digitale Transformation\",\"publisher\":{\"@id\":\"https:\\\/\\\/www.firstaudit.de\\\/blog\\\/#organization\"},\"potentialAction\":[{\"@type\":\"SearchAction\",\"target\":{\"@type\":\"EntryPoint\",\"urlTemplate\":\"https:\\\/\\\/www.firstaudit.de\\\/blog\\\/?s={search_term_string}\"},\"query-input\":{\"@type\":\"PropertyValueSpecification\",\"valueRequired\":true,\"valueName\":\"search_term_string\"}}],\"inLanguage\":\"de\"},{\"@type\":\"Organization\",\"@id\":\"https:\\\/\\\/www.firstaudit.de\\\/blog\\\/#organization\",\"name\":\"firstaudit - Digitale Checklisten und Dokumentationen\",\"url\":\"https:\\\/\\\/www.firstaudit.de\\\/blog\\\/\",\"logo\":{\"@type\":\"ImageObject\",\"inLanguage\":\"de\",\"@id\":\"https:\\\/\\\/www.firstaudit.de\\\/blog\\\/#\\\/schema\\\/logo\\\/image\\\/\",\"url\":\"https:\\\/\\\/www.firstaudit.de\\\/blog\\\/wp-content\\\/uploads\\\/2019\\\/04\\\/firstaudit_favicon_144x144.png\",\"contentUrl\":\"https:\\\/\\\/www.firstaudit.de\\\/blog\\\/wp-content\\\/uploads\\\/2019\\\/04\\\/firstaudit_favicon_144x144.png\",\"width\":144,\"height\":144,\"caption\":\"firstaudit - Digitale Checklisten und Dokumentationen\"},\"image\":{\"@id\":\"https:\\\/\\\/www.firstaudit.de\\\/blog\\\/#\\\/schema\\\/logo\\\/image\\\/\"},\"sameAs\":[\"https:\\\/\\\/www.facebook.com\\\/firstauditchecklist\\\/\"]},{\"@type\":\"Person\",\"@id\":\"https:\\\/\\\/www.firstaudit.de\\\/blog\\\/#\\\/schema\\\/person\\\/4db408c6a09cb495bd94cd9091399b82\",\"name\":\"Arne Reis\",\"image\":{\"@type\":\"ImageObject\",\"inLanguage\":\"de\",\"@id\":\"https:\\\/\\\/secure.gravatar.com\\\/avatar\\\/c4bef4065a8d3a8c90ef072fc15384f76adfd3db7c8a1dda60c10ae1941a2585?s=96&d=mm&r=g\",\"url\":\"https:\\\/\\\/secure.gravatar.com\\\/avatar\\\/c4bef4065a8d3a8c90ef072fc15384f76adfd3db7c8a1dda60c10ae1941a2585?s=96&d=mm&r=g\",\"contentUrl\":\"https:\\\/\\\/secure.gravatar.com\\\/avatar\\\/c4bef4065a8d3a8c90ef072fc15384f76adfd3db7c8a1dda60c10ae1941a2585?s=96&d=mm&r=g\",\"caption\":\"Arne Reis\"},\"description\":\"Arne Reis ist Gr\u00fcnder von firstaudit und flowdit sowie Gesch\u00e4ftsf\u00fchrer der reinstil GmbH &amp; Co. KG in Mainz. Mit \u00fcber 15 Jahren Erfahrung in der individuellen Softwareentwicklung f\u00fcr Industrieunternehmen kennt er die Digitalisierungsherausforderungen produzierender Betriebe aus erster Hand. Kunden wie ADAC, SPRELA, NTT und f\u00fchrende Pharmakonzerne vertrauen auf seine L\u00f6sungen.\",\"sameAs\":[\"https:\\\/\\\/www.digitalagentur-mainz.de\",\"https:\\\/\\\/www.linkedin.com\\\/in\\\/arnereis\\\/\"],\"url\":\"https:\\\/\\\/www.firstaudit.de\\\/blog\\\/author\\\/reinstil-admin\\\/\"}]}<\/script>\n<!-- \/ Yoast SEO plugin. -->","yoast_head_json":{"title":"Verschl\u00e4ft Deutschland die digitale Revolution?","description":"Die digitale Revolution hat begonnen, eigentlich m\u00fcsste Deutschland hier Vorreiter sein. Was sind die Probleme in der Transformation?","robots":{"index":"index","follow":"follow","max-snippet":"max-snippet:-1","max-image-preview":"max-image-preview:large","max-video-preview":"max-video-preview:-1"},"canonical":"https:\/\/www.firstaudit.de\/blog\/allgemein\/digitale-revolution\/","og_locale":"de_DE","og_type":"article","og_title":"Verschl\u00e4ft Deutschland die digitale Revolution?","og_description":"Die digitale Revolution hat begonnen, eigentlich m\u00fcsste Deutschland hier Vorreiter sein. Was sind die Probleme in der Transformation?","og_url":"https:\/\/www.firstaudit.de\/blog\/allgemein\/digitale-revolution\/","og_site_name":"Digitalisierung","article_publisher":"https:\/\/www.facebook.com\/firstauditchecklist\/","article_published_time":"2019-04-05T15:40:15+00:00","article_modified_time":"2026-03-03T07:53:56+00:00","og_image":[{"width":2000,"height":550,"url":"https:\/\/www.firstaudit.de\/blog\/wp-content\/uploads\/2019\/04\/FirstA_D_verschlaeft_digi_Revolution.jpg","type":"image\/jpeg"}],"author":"Arne Reis","twitter_card":"summary_large_image","twitter_misc":{"Verfasst von":"Arne Reis","Gesch\u00e4tzte Lesezeit":"4\u00a0Minuten"},"schema":{"@context":"https:\/\/schema.org","@graph":[{"@type":"Article","@id":"https:\/\/www.firstaudit.de\/blog\/allgemein\/digitale-revolution\/#article","isPartOf":{"@id":"https:\/\/www.firstaudit.de\/blog\/allgemein\/digitale-revolution\/"},"author":{"name":"Arne Reis","@id":"https:\/\/www.firstaudit.de\/blog\/#\/schema\/person\/4db408c6a09cb495bd94cd9091399b82"},"headline":"Verschl\u00e4ft Deutschland die digitale Revolution?","datePublished":"2019-04-05T15:40:15+00:00","dateModified":"2026-03-03T07:53:56+00:00","mainEntityOfPage":{"@id":"https:\/\/www.firstaudit.de\/blog\/allgemein\/digitale-revolution\/"},"wordCount":954,"publisher":{"@id":"https:\/\/www.firstaudit.de\/blog\/#organization"},"image":{"@id":"https:\/\/www.firstaudit.de\/blog\/allgemein\/digitale-revolution\/#primaryimage"},"thumbnailUrl":"https:\/\/www.firstaudit.de\/blog\/wp-content\/uploads\/2019\/04\/FirstA_D_verschlaeft_digi_Revolution.jpg","keywords":["5G","Deutschland","digital","Ernst &amp; Young","Industrie 4.0","Infront","McKinsey","Mittelstand","Revolution","S\u00fcdkorea","verschlafen"],"inLanguage":"de"},{"@type":"WebPage","@id":"https:\/\/www.firstaudit.de\/blog\/allgemein\/digitale-revolution\/","url":"https:\/\/www.firstaudit.de\/blog\/allgemein\/digitale-revolution\/","name":"Verschl\u00e4ft Deutschland die digitale Revolution?","isPartOf":{"@id":"https:\/\/www.firstaudit.de\/blog\/#website"},"primaryImageOfPage":{"@id":"https:\/\/www.firstaudit.de\/blog\/allgemein\/digitale-revolution\/#primaryimage"},"image":{"@id":"https:\/\/www.firstaudit.de\/blog\/allgemein\/digitale-revolution\/#primaryimage"},"thumbnailUrl":"https:\/\/www.firstaudit.de\/blog\/wp-content\/uploads\/2019\/04\/FirstA_D_verschlaeft_digi_Revolution.jpg","datePublished":"2019-04-05T15:40:15+00:00","dateModified":"2026-03-03T07:53:56+00:00","description":"Die digitale Revolution hat begonnen, eigentlich m\u00fcsste Deutschland hier Vorreiter sein. Was sind die Probleme in der Transformation?","inLanguage":"de","potentialAction":[{"@type":"ReadAction","target":["https:\/\/www.firstaudit.de\/blog\/allgemein\/digitale-revolution\/"]}]},{"@type":"ImageObject","inLanguage":"de","@id":"https:\/\/www.firstaudit.de\/blog\/allgemein\/digitale-revolution\/#primaryimage","url":"https:\/\/www.firstaudit.de\/blog\/wp-content\/uploads\/2019\/04\/FirstA_D_verschlaeft_digi_Revolution.jpg","contentUrl":"https:\/\/www.firstaudit.de\/blog\/wp-content\/uploads\/2019\/04\/FirstA_D_verschlaeft_digi_Revolution.jpg","width":2000,"height":550,"caption":"Digitale Revolution"},{"@type":"WebSite","@id":"https:\/\/www.firstaudit.de\/blog\/#website","url":"https:\/\/www.firstaudit.de\/blog\/","name":"firstaudit - digitale Checklisten & Protokolle","description":"Blog f\u00fcr digitale Transformation","publisher":{"@id":"https:\/\/www.firstaudit.de\/blog\/#organization"},"potentialAction":[{"@type":"SearchAction","target":{"@type":"EntryPoint","urlTemplate":"https:\/\/www.firstaudit.de\/blog\/?s={search_term_string}"},"query-input":{"@type":"PropertyValueSpecification","valueRequired":true,"valueName":"search_term_string"}}],"inLanguage":"de"},{"@type":"Organization","@id":"https:\/\/www.firstaudit.de\/blog\/#organization","name":"firstaudit - Digitale Checklisten und Dokumentationen","url":"https:\/\/www.firstaudit.de\/blog\/","logo":{"@type":"ImageObject","inLanguage":"de","@id":"https:\/\/www.firstaudit.de\/blog\/#\/schema\/logo\/image\/","url":"https:\/\/www.firstaudit.de\/blog\/wp-content\/uploads\/2019\/04\/firstaudit_favicon_144x144.png","contentUrl":"https:\/\/www.firstaudit.de\/blog\/wp-content\/uploads\/2019\/04\/firstaudit_favicon_144x144.png","width":144,"height":144,"caption":"firstaudit - Digitale Checklisten und Dokumentationen"},"image":{"@id":"https:\/\/www.firstaudit.de\/blog\/#\/schema\/logo\/image\/"},"sameAs":["https:\/\/www.facebook.com\/firstauditchecklist\/"]},{"@type":"Person","@id":"https:\/\/www.firstaudit.de\/blog\/#\/schema\/person\/4db408c6a09cb495bd94cd9091399b82","name":"Arne Reis","image":{"@type":"ImageObject","inLanguage":"de","@id":"https:\/\/secure.gravatar.com\/avatar\/c4bef4065a8d3a8c90ef072fc15384f76adfd3db7c8a1dda60c10ae1941a2585?s=96&d=mm&r=g","url":"https:\/\/secure.gravatar.com\/avatar\/c4bef4065a8d3a8c90ef072fc15384f76adfd3db7c8a1dda60c10ae1941a2585?s=96&d=mm&r=g","contentUrl":"https:\/\/secure.gravatar.com\/avatar\/c4bef4065a8d3a8c90ef072fc15384f76adfd3db7c8a1dda60c10ae1941a2585?s=96&d=mm&r=g","caption":"Arne Reis"},"description":"Arne Reis ist Gr\u00fcnder von firstaudit und flowdit sowie Gesch\u00e4ftsf\u00fchrer der reinstil GmbH &amp; Co. KG in Mainz. Mit \u00fcber 15 Jahren Erfahrung in der individuellen Softwareentwicklung f\u00fcr Industrieunternehmen kennt er die Digitalisierungsherausforderungen produzierender Betriebe aus erster Hand. Kunden wie ADAC, SPRELA, NTT und f\u00fchrende Pharmakonzerne vertrauen auf seine L\u00f6sungen.","sameAs":["https:\/\/www.digitalagentur-mainz.de","https:\/\/www.linkedin.com\/in\/arnereis\/"],"url":"https:\/\/www.firstaudit.de\/blog\/author\/reinstil-admin\/"}]}},"_links":{"self":[{"href":"https:\/\/www.firstaudit.de\/blog\/wp-json\/wp\/v2\/posts\/1034","targetHints":{"allow":["GET"]}}],"collection":[{"href":"https:\/\/www.firstaudit.de\/blog\/wp-json\/wp\/v2\/posts"}],"about":[{"href":"https:\/\/www.firstaudit.de\/blog\/wp-json\/wp\/v2\/types\/post"}],"author":[{"embeddable":true,"href":"https:\/\/www.firstaudit.de\/blog\/wp-json\/wp\/v2\/users\/10"}],"replies":[{"embeddable":true,"href":"https:\/\/www.firstaudit.de\/blog\/wp-json\/wp\/v2\/comments?post=1034"}],"version-history":[{"count":13,"href":"https:\/\/www.firstaudit.de\/blog\/wp-json\/wp\/v2\/posts\/1034\/revisions"}],"predecessor-version":[{"id":17094,"href":"https:\/\/www.firstaudit.de\/blog\/wp-json\/wp\/v2\/posts\/1034\/revisions\/17094"}],"wp:featuredmedia":[{"embeddable":true,"href":"https:\/\/www.firstaudit.de\/blog\/wp-json\/wp\/v2\/media\/1035"}],"wp:attachment":[{"href":"https:\/\/www.firstaudit.de\/blog\/wp-json\/wp\/v2\/media?parent=1034"}],"wp:term":[{"taxonomy":"category","embeddable":true,"href":"https:\/\/www.firstaudit.de\/blog\/wp-json\/wp\/v2\/categories?post=1034"},{"taxonomy":"post_tag","embeddable":true,"href":"https:\/\/www.firstaudit.de\/blog\/wp-json\/wp\/v2\/tags?post=1034"}],"curies":[{"name":"wp","href":"https:\/\/api.w.org\/{rel}","templated":true}]}}